{"id":860,"date":"2025-10-28T12:40:56","date_gmt":"2025-10-28T11:40:56","guid":{"rendered":"https:\/\/www.orvimed.fr\/blog\/?p=860"},"modified":"2025-12-31T15:29:22","modified_gmt":"2025-12-31T14:29:22","slug":"reforme-fauteuils-roulants-autonomie-mobilite","status":"publish","type":"post","link":"https:\/\/www.orvimed.fr\/blog\/reforme-fauteuils-roulants-autonomie-mobilite\/","title":{"rendered":"Nouvelle r\u00e9forme des fauteuils roulants : un tournant pour l\u2019autonomie et la mobilit\u00e9 en France"},"content":{"rendered":"\n<p>La nouvelle <strong>r\u00e9forme des fauteuils roulants<\/strong> marque une \u00e9tape historique pour l&rsquo;autonomie en France. Attendue par de nombreux usagers et associations, cette mesure vise \u00e0 simplifier l&rsquo;acc\u00e8s aux aides techniques et \u00e0 am\u00e9liorer le remboursement des \u00e9quipements.<\/p>\n\n\n\n<h2 class=\"wp-block-heading\">Nouvelle r\u00e9forme des fauteuils roulants : comprendre le contexte et les enjeux<\/h2>\n\n\n\n<p>Depuis plusieurs ann\u00e9es, les associations de patients, les professionnels de sant\u00e9 et les distributeurs de mat\u00e9riel m\u00e9dical alertaient les pouvoirs publics sur une r\u00e9alit\u00e9 trop souvent m\u00e9connue : la difficult\u00e9 d\u2019acc\u00e8s aux <strong>fauteuils roulants<\/strong> adapt\u00e9s, de qualit\u00e9 et correctement pris en charge par le syst\u00e8me de sant\u00e9. Cette situation, injuste pour de nombreuses personnes en perte d\u2019autonomie, a enfin trouv\u00e9 un \u00e9cho avec la <strong>nouvelle r\u00e9forme nationale des fauteuils roulants<\/strong>, entr\u00e9e progressivement en vigueur \u00e0 partir de 2024.<\/p>\n\n\n\n<p>Cette r\u00e9forme, longuement attendue, a pour ambition de <strong>moderniser le cadre de remboursement<\/strong>, de <strong>simplifier les d\u00e9marches administratives<\/strong> et de <strong>garantir une meilleure \u00e9quit\u00e9 d\u2019acc\u00e8s<\/strong> \u00e0 ces dispositifs essentiels \u00e0 la mobilit\u00e9. Elle s\u2019inscrit dans un contexte plus large de transformation du parcours de soins et du <strong>maintien \u00e0 domicile<\/strong> des personnes en situation de handicap ou de d\u00e9pendance.<\/p>\n\n\n\n<p>Les fauteuils roulants ne sont pas de simples \u00e9quipements m\u00e9dicaux. Ils repr\u00e9sentent, pour leurs utilisateurs, <strong>une extension de leur autonomie, de leur libert\u00e9 et de leur dignit\u00e9<\/strong>. Qu\u2019ils soient manuels, \u00e9lectriques, pliants, modulables ou \u00e9quip\u00e9s d\u2019accessoires technologiques, ils permettent \u00e0 chacun de continuer \u00e0 vivre, travailler, se d\u00e9placer, et participer pleinement \u00e0 la vie sociale.<\/p>\n\n\n\n<p>Or, jusqu\u2019\u00e0 r\u00e9cemment, le syst\u00e8me de prise en charge fran\u00e7ais souffrait de lourdeurs administratives et d\u2019une inadaptation criante face aux innovations technologiques. Les mod\u00e8les performants, ergonomiques et confortables \u00e9taient souvent <strong>peu ou mal rembours\u00e9s<\/strong>, obligeant les familles \u00e0 supporter des co\u00fbts tr\u00e8s \u00e9lev\u00e9s. La r\u00e9forme vise donc \u00e0 corriger ces d\u00e9s\u00e9quilibres en repla\u00e7ant l\u2019utilisateur au c\u0153ur du dispositif.<\/p>\n\n\n\n<hr class=\"wp-block-separator has-alpha-channel-opacity\"\/>\n\n\n\n<h3 class=\"wp-block-heading\">Un cadre repens\u00e9 pour plus d\u2019\u00e9quit\u00e9<\/h3>\n\n\n\n<p>La <strong>nouvelle r\u00e9forme des fauteuils roulants<\/strong> r\u00e9pond \u00e0 une volont\u00e9 forte : r\u00e9tablir l\u2019\u00e9quit\u00e9 entre les diff\u00e9rents usagers, quel que soit leur \u00e2ge, leur situation g\u00e9ographique ou leur niveau de revenu.<br>Jusqu\u2019alors, les modalit\u00e9s de remboursement variaient consid\u00e9rablement selon les r\u00e9gions, les prescripteurs ou m\u00eame les organismes d\u2019assurance maladie. Certains b\u00e9n\u00e9ficiaient d\u2019un reste \u00e0 charge minimal, d\u2019autres de montants d\u00e9risoires ne couvrant qu\u2019une fraction du prix r\u00e9el du fauteuil.<\/p>\n\n\n\n<p>Aujourd\u2019hui, le cadre national se veut plus <strong>transparent et harmonis\u00e9<\/strong>. Les bar\u00e8mes ont \u00e9t\u00e9 r\u00e9\u00e9valu\u00e9s, les cat\u00e9gories de fauteuils mieux d\u00e9finies et les forfaits de location ou d\u2019achat pr\u00e9cis\u00e9s. Cette clarification permet aux usagers de savoir, d\u00e8s la prescription, <strong>quelle part de leur mat\u00e9riel sera rembours\u00e9e et sur quelle dur\u00e9e<\/strong>.<\/p>\n\n\n\n<hr class=\"wp-block-separator has-alpha-channel-opacity\"\/>\n\n\n\n<h3 class=\"wp-block-heading\">Des objectifs clairs : autonomie, accessibilit\u00e9 et innovation<\/h3>\n\n\n\n<p>La r\u00e9forme poursuit trois objectifs majeurs :<\/p>\n\n\n\n<ol>\n<li><strong>Faciliter l\u2019acc\u00e8s \u00e0 un mat\u00e9riel de qualit\u00e9<\/strong> \u2013 en encourageant les prescripteurs \u00e0 proposer des fauteuils adapt\u00e9s aux besoins r\u00e9els de l\u2019utilisateur et non aux seuls crit\u00e8res de remboursement.<\/li>\n\n\n\n<li><strong>Favoriser l\u2019autonomie \u00e0 domicile<\/strong> \u2013 en r\u00e9duisant les obstacles administratifs et financiers \u00e0 l\u2019acquisition d\u2019un fauteuil performant.<\/li>\n\n\n\n<li><strong>Encourager l\u2019innovation<\/strong> \u2013 en ouvrant la voie \u00e0 la reconnaissance des nouveaux mod\u00e8les connect\u00e9s, ultral\u00e9gers, ergonomiques ou modulables, jusque-l\u00e0 mal int\u00e9gr\u00e9s \u00e0 la nomenclature.<\/li>\n<\/ol>\n\n\n\n<p>C\u2019est une transformation en profondeur du mod\u00e8le fran\u00e7ais, qui vise \u00e0 passer d\u2019une logique de simple \u201cprise en charge\u201d \u00e0 une logique de <strong>\u201cparcours de vie accompagn\u00e9\u201d<\/strong>, o\u00f9 l\u2019\u00e9quipement m\u00e9dical devient un levier de dignit\u00e9 et de libert\u00e9.<\/p>\n\n\n\n<hr class=\"wp-block-separator has-alpha-channel-opacity\"\/>\n\n\n\n<h2 class=\"wp-block-heading\">Quels sont les points cl\u00e9s de la <strong>r\u00e9forme des fauteuils roulants<\/strong> ?<\/h2>\n\n\n\n<p>Si le discours politique met en avant l\u2019ambition sociale de la r\u00e9forme, ses impacts concrets sur la vie quotidienne des personnes concern\u00e9es sont encore plus significatifs.<br>D\u00e9sormais, chaque usager dispose d\u2019une <strong>plus grande libert\u00e9 de choix<\/strong>, d\u2019un <strong>meilleur accompagnement<\/strong> et d\u2019un <strong>remboursement plus coh\u00e9rent<\/strong> avec le co\u00fbt r\u00e9el des fauteuils roulants modernes.<\/p>\n\n\n\n<h3 class=\"wp-block-heading\">Une refonte de la LPPR : vers une meilleure prise en charge<\/h3>\n\n\n\n<p>Le premier grand chantier a concern\u00e9 la <strong>Liste des Produits et Prestations Remboursables (LPPR)<\/strong>. Cette nomenclature, qui d\u00e9termine le montant et les conditions de remboursement des dispositifs m\u00e9dicaux, a \u00e9t\u00e9 <strong>enti\u00e8rement revue<\/strong> pour les fauteuils roulants.<\/p>\n\n\n\n<p>Avant la r\u00e9forme, la LPPR se contentait de distinguer les fauteuils manuels et \u00e9lectriques, sans prendre en compte la diversit\u00e9 des configurations possibles (fauteuils pliants, tout-terrain, ultra-l\u00e9gers, etc.).<br>D\u00e9sormais, une nouvelle classification, plus fine, distingue les \u00e9quipements selon :<\/p>\n\n\n\n<ul>\n<li>leur <strong>type de propulsion<\/strong> (manuelle, \u00e9lectrique, mixte),<\/li>\n\n\n\n<li>leur <strong>niveau de technicit\u00e9<\/strong>,<\/li>\n\n\n\n<li>et leur <strong>finalit\u00e9 d\u2019usage<\/strong> (int\u00e9rieur, ext\u00e9rieur, mixte).<\/li>\n<\/ul>\n\n\n\n<p>Cette distinction permet une \u00e9valuation plus juste du co\u00fbt r\u00e9el du mat\u00e9riel et une <strong>prise en charge plus adapt\u00e9e<\/strong> \u00e0 chaque profil d\u2019utilisateur.<\/p>\n\n\n\n<hr class=\"wp-block-separator has-alpha-channel-opacity\"\/>\n\n\n\n<h3 class=\"wp-block-heading\">Quel impact aura la <strong>r\u00e9forme des fauteuils roulants<\/strong> sur votre budget ?<\/h3>\n\n\n\n<p>Les montants de remboursement ont \u00e9t\u00e9 <strong>r\u00e9\u00e9valu\u00e9s \u00e0 la hausse<\/strong> pour correspondre davantage aux tarifs pratiqu\u00e9s sur le march\u00e9.<br>Les fauteuils manuels standards sont mieux pris en charge, tandis que les fauteuils \u00e9lectriques, auparavant sous-\u00e9valu\u00e9s, b\u00e9n\u00e9ficient d\u00e9sormais d\u2019un <strong>forfait de remboursement \u00e9largi<\/strong>.<br>Certains accessoires auparavant consid\u00e9r\u00e9s comme \u201cnon essentiels\u201d (comme les appuis-t\u00eate, coussins ergonomiques, ou syst\u00e8mes d\u2019assise \u00e9volutifs) peuvent d\u00e9sormais \u00eatre int\u00e9gr\u00e9s dans le cadre d\u2019un forfait global.<\/p>\n\n\n\n<p>Autre \u00e9volution notable : la <strong>dur\u00e9e de renouvellement<\/strong>.<br>Jusqu\u2019ici, un fauteuil manuel n\u2019\u00e9tait renouvelable qu\u2019au bout de cinq ans, et un fauteuil \u00e9lectrique au bout de six ans.<br>D\u00e9sormais, des d\u00e9rogations sont possibles lorsque la situation m\u00e9dicale \u00e9volue (perte ou am\u00e9lioration de mobilit\u00e9, changement de morphologie, etc.).<br>Cela \u00e9vite aux utilisateurs de rester des ann\u00e9es avec un mat\u00e9riel inadapt\u00e9 ou inconfortable.<\/p>\n\n\n\n<hr class=\"wp-block-separator has-alpha-channel-opacity\"\/>\n\n\n\n<h3 class=\"wp-block-heading\">Un parcours simplifi\u00e9 pour les usagers<\/h3>\n\n\n\n<p>L\u2019un des points forts de la r\u00e9forme r\u00e9side dans la <strong>simplification du parcours administratif<\/strong>.<br>Les proc\u00e9dures de demande, autrefois longues et d\u00e9courageantes, ont \u00e9t\u00e9 all\u00e9g\u00e9es.<br>Les formulaires de prescription et de devis ont \u00e9t\u00e9 harmonis\u00e9s, et les \u00e9changes entre les m\u00e9decins, les ergoth\u00e9rapeutes et les distributeurs sont d\u00e9sormais mieux coordonn\u00e9s.<\/p>\n\n\n\n<p>De plus, un syst\u00e8me num\u00e9rique national permet \u00e0 chaque patient de <strong>suivre l\u2019avancement de sa demande<\/strong> et de conna\u00eetre en temps r\u00e9el l\u2019\u00e9tat de la prise en charge.<br>Cette modernisation r\u00e9duit consid\u00e9rablement les d\u00e9lais et limite les erreurs de traitement.<\/p>\n\n\n\n<hr class=\"wp-block-separator has-alpha-channel-opacity\"\/>\n\n\n\n<h3 class=\"wp-block-heading\">La reconnaissance du r\u00f4le des prestataires agr\u00e9\u00e9s<\/h3>\n\n\n\n<p>La r\u00e9forme reconna\u00eet officiellement le r\u00f4le central des <strong>distributeurs de mat\u00e9riel m\u00e9dical agr\u00e9\u00e9s<\/strong> dans la cha\u00eene de soin.<br>Ces acteurs, comme Orvimed, ne se contentent pas de vendre un fauteuil : ils \u00e9valuent les besoins, assurent la livraison, le r\u00e9glage, la formation \u00e0 l\u2019usage et le service apr\u00e8s-vente.<br>Ils deviennent ainsi des <strong>interm\u00e9diaires essentiels entre le patient, le m\u00e9decin et l\u2019Assurance Maladie<\/strong>.<\/p>\n\n\n\n<p>Gr\u00e2ce \u00e0 cette reconnaissance, la relation entre l\u2019utilisateur et le prestataire est plus fluide, plus suivie et surtout plus humaine.<br>Cela permet d\u2019\u00e9viter les erreurs de choix, les probl\u00e8mes d\u2019inadaptation du mat\u00e9riel, ou encore les pannes mal g\u00e9r\u00e9es.<\/p>\n\n\n\n<hr class=\"wp-block-separator has-alpha-channel-opacity\"\/>\n\n\n\n<h2 class=\"wp-block-heading\">Les avantages pour les utilisateurs : autonomie, confort et modernisation<\/h2>\n\n\n\n<h3 class=\"wp-block-heading\">Une am\u00e9lioration r\u00e9elle du confort et de la qualit\u00e9 de vie<\/h3>\n\n\n\n<p>Les fauteuils roulants ne sont pas de simples objets techniques : ils sont au c\u0153ur du quotidien de milliers de Fran\u00e7ais.<br>Avec la nouvelle r\u00e9forme, les utilisateurs peuvent d\u00e9sormais acc\u00e9der \u00e0 des mod\u00e8les <strong>plus l\u00e9gers, plus ergonomiques et plus esth\u00e9tiques<\/strong>, mieux adapt\u00e9s \u00e0 leur environnement.<\/p>\n\n\n\n<p>Cette libert\u00e9 de choix permet une <strong>personnalisation compl\u00e8te<\/strong> :<\/p>\n\n\n\n<ul>\n<li>dimensions adapt\u00e9es \u00e0 la morphologie,<\/li>\n\n\n\n<li>type de dossier et de si\u00e8ge,<\/li>\n\n\n\n<li>coloris, appuis-bras, repose-pieds,<\/li>\n\n\n\n<li>motorisation ou accessoires connect\u00e9s.<\/li>\n<\/ul>\n\n\n\n<p>Ces d\u00e9tails, souvent consid\u00e9r\u00e9s comme secondaires, transforment pourtant radicalement le rapport que la personne entretient avec son fauteuil.<br>Un mat\u00e9riel confortable et agr\u00e9able \u00e0 utiliser contribue directement \u00e0 la <strong>sant\u00e9 physique<\/strong> (pr\u00e9vention des douleurs, r\u00e9duction des risques d\u2019escarres) et \u00e0 la <strong>sant\u00e9 mentale<\/strong> (meilleure estime de soi, sentiment d\u2019autonomie).<\/p>\n\n\n\n<hr class=\"wp-block-separator has-alpha-channel-opacity\"\/>\n\n\n\n<h3 class=\"wp-block-heading\">Une libert\u00e9 retrouv\u00e9e pour les utilisateurs et leurs proches<\/h3>\n\n\n\n<p>Gr\u00e2ce \u00e0 la r\u00e9forme, les b\u00e9n\u00e9ficiaires ne sont plus prisonniers de choix restreints ou de mod\u00e8les impos\u00e9s.<br>Ils peuvent d\u00e9sormais s\u00e9lectionner un fauteuil correspondant <strong>\u00e0 leur mode de vie<\/strong>, qu\u2019ils vivent en appartement, en maison ou en \u00e9tablissement sp\u00e9cialis\u00e9.<\/p>\n\n\n\n<p>Pour les familles, c\u2019est aussi un <strong>soulagement financier et psychologique<\/strong>.<br>Le reste \u00e0 charge est r\u00e9duit, la proc\u00e9dure est plus claire, et les d\u00e9lais de traitement sont raccourcis.<br>Les aidants, souvent surcharg\u00e9s, voient leur r\u00f4le simplifi\u00e9 et peuvent se concentrer sur l\u2019essentiel : le bien-\u00eatre de leur proche.<\/p>\n\n\n\n<hr class=\"wp-block-separator has-alpha-channel-opacity\"\/>\n\n\n\n<h3 class=\"wp-block-heading\">Une reconnaissance du fauteuil comme outil d\u2019inclusion<\/h3>\n\n\n\n<p>Enfin, cette r\u00e9forme consacre une id\u00e9e essentielle : le fauteuil roulant n\u2019est pas seulement un dispositif m\u00e9dical, c\u2019est un <strong>outil d\u2019inclusion sociale<\/strong>.<br>Pouvoir se d\u00e9placer librement, participer \u00e0 des activit\u00e9s, acc\u00e9der \u00e0 des lieux publics ou culturels, c\u2019est retrouver une forme de libert\u00e9 citoyenne.<\/p>\n\n\n\n<p>En facilitant l\u2019acc\u00e8s \u00e0 un mat\u00e9riel moderne et performant, l\u2019\u00c9tat envoie un signal fort : celui d\u2019une soci\u00e9t\u00e9 qui veut <strong>rendre la mobilit\u00e9 accessible \u00e0 tous<\/strong>, sans distinction d\u2019\u00e2ge, de condition ou de revenus.<\/p>\n\n\n\n<h2 class=\"wp-block-heading\">Les d\u00e9fis de la mise en \u0153uvre : entre ambition et r\u00e9alit\u00e9<\/h2>\n\n\n\n<p>Si la r\u00e9forme marque un progr\u00e8s incontestable dans la reconnaissance du droit \u00e0 la mobilit\u00e9 pour tous, sa mise en \u0153uvre n\u2019est pas sans d\u00e9fis. Entre les disparit\u00e9s territoriales, les difficult\u00e9s logistiques et les contraintes administratives, de nombreux acteurs du secteur alertent sur la n\u00e9cessit\u00e9 d\u2019un accompagnement renforc\u00e9.<\/p>\n\n\n\n<h3 class=\"wp-block-heading\">Des d\u00e9lais encore perfectibles<\/h3>\n\n\n\n<p>L\u2019un des premiers obstacles constat\u00e9s concerne les <strong>d\u00e9lais de mise en application<\/strong>.<br>M\u00eame si la r\u00e9forme a \u00e9t\u00e9 adopt\u00e9e sur le plan l\u00e9gislatif, son d\u00e9ploiement effectif dans tout le pays d\u00e9pend d\u2019une cha\u00eene complexe : m\u00e9decins prescripteurs, ergoth\u00e9rapeutes, services de l\u2019Assurance Maladie et distributeurs de mat\u00e9riel m\u00e9dical.<br>Dans certaines r\u00e9gions, ces acteurs ne sont pas encore pleinement form\u00e9s aux nouveaux bar\u00e8mes et aux outils num\u00e9riques associ\u00e9s, ce qui cr\u00e9e des lenteurs temporaires dans le traitement des demandes.<\/p>\n\n\n\n<p>Pour les utilisateurs, ces d\u00e9lais peuvent g\u00e9n\u00e9rer une frustration compr\u00e9hensible.<br>Lorsqu\u2019un fauteuil roulant est essentiel \u00e0 la vie quotidienne, chaque semaine compte. C\u2019est pourquoi les professionnels du secteur insistent sur la n\u00e9cessit\u00e9 d\u2019un <strong>accompagnement transitoire<\/strong> entre l\u2019ancien et le nouveau syst\u00e8me.<\/p>\n\n\n\n<hr class=\"wp-block-separator has-alpha-channel-opacity\"\/>\n\n\n\n<h3 class=\"wp-block-heading\">Des disparit\u00e9s r\u00e9gionales persistantes<\/h3>\n\n\n\n<p>Les disparit\u00e9s entre territoires demeurent une r\u00e9alit\u00e9, malgr\u00e9 la volont\u00e9 d\u2019uniformisation.<br>Certaines r\u00e9gions, mieux dot\u00e9es en structures m\u00e9dico-sociales, b\u00e9n\u00e9ficient d\u2019une <strong>mise en \u0153uvre fluide et rapide<\/strong> ; d\u2019autres, moins \u00e9quip\u00e9es, peinent \u00e0 suivre le rythme.<br>L\u2019acc\u00e8s \u00e0 un ergoth\u00e9rapeute ou \u00e0 un professionnel form\u00e9 peut varier selon les d\u00e9partements, tout comme le nombre de distributeurs agr\u00e9\u00e9s disponibles.<\/p>\n\n\n\n<p>Les grandes m\u00e9tropoles \u2014 Paris, Lyon, Marseille, Lille, Bordeaux \u2014 b\u00e9n\u00e9ficient naturellement d\u2019un tissu m\u00e9dical et logistique plus dense.<br>Mais dans les zones rurales ou semi-urbaines, l\u2019offre reste parfois limit\u00e9e, obligeant les patients \u00e0 parcourir plusieurs dizaines de kilom\u00e8tres pour tester ou r\u00e9parer un fauteuil.<\/p>\n\n\n\n<p>C\u2019est ici que des acteurs comme Orvimed jouent un r\u00f4le d\u00e9terminant, en assurant une <strong>couverture nationale<\/strong> et un <strong>service de proximit\u00e9<\/strong> capable de pallier ces disparit\u00e9s.<\/p>\n\n\n\n<hr class=\"wp-block-separator has-alpha-channel-opacity\"\/>\n\n\n\n<h3 class=\"wp-block-heading\">Le d\u00e9fi de la formation et de la communication<\/h3>\n\n\n\n<p>Une r\u00e9forme de cette ampleur exige un <strong>changement culturel profond<\/strong> dans les pratiques des professionnels de sant\u00e9.<br>Les prescripteurs, ergoth\u00e9rapeutes et distributeurs doivent non seulement se familiariser avec la nouvelle nomenclature, mais aussi int\u00e9grer une vision plus globale du parcours de vie du patient.<\/p>\n\n\n\n<p>Cette approche holistique suppose un dialogue constant entre les diff\u00e9rents intervenants : m\u00e9decin traitant, kin\u00e9sith\u00e9rapeute, aidant familial, et prestataire de mat\u00e9riel m\u00e9dical.<br>L\u2019objectif est de b\u00e2tir un <strong>parcours fluide et coh\u00e9rent<\/strong>, o\u00f9 chacun comprend son r\u00f4le et agit dans l\u2019int\u00e9r\u00eat premier de la personne \u00e0 mobilit\u00e9 r\u00e9duite.<\/p>\n\n\n\n<p>Or, la communication entre ces acteurs reste parfois insuffisante.<br>C\u2019est pourquoi la r\u00e9forme pr\u00e9voit la mise en place d\u2019un <strong>syst\u00e8me de coordination num\u00e9rique<\/strong>, permettant \u00e0 tous les intervenants d\u2019acc\u00e9der aux m\u00eames informations et de suivre l\u2019\u00e9volution du dossier en temps r\u00e9el.<br>Cette interconnexion, encore en d\u00e9ploiement, constitue un levier essentiel pour assurer la r\u00e9ussite du dispositif.<\/p>\n\n\n\n<hr class=\"wp-block-separator has-alpha-channel-opacity\"\/>\n\n\n\n<h3 class=\"wp-block-heading\">L\u2019\u00e9quilibre entre innovation et co\u00fbt<\/h3>\n\n\n\n<p>Un autre d\u00e9fi majeur concerne l\u2019\u00e9quilibre entre <strong>l\u2019innovation technologique<\/strong> et <strong>la ma\u00eetrise des co\u00fbts<\/strong>.<br>Les fauteuils roulants modernes int\u00e8grent aujourd\u2019hui des innovations impressionnantes : mat\u00e9riaux ultral\u00e9gers, motorisations silencieuses, syst\u00e8mes connect\u00e9s, batteries longue dur\u00e9e, r\u00e9glages sur mesure\u2026<br>Ces \u00e9volutions am\u00e9liorent consid\u00e9rablement le confort et la s\u00e9curit\u00e9 des utilisateurs, mais leur prix reste \u00e9lev\u00e9.<\/p>\n\n\n\n<p>L\u2019\u00c9tat doit donc arbitrer entre la volont\u00e9 d\u2019encourager ces progr\u00e8s technologiques et la n\u00e9cessit\u00e9 de pr\u00e9server la soutenabilit\u00e9 financi\u00e8re du syst\u00e8me de sant\u00e9.<br>C\u2019est un \u00e9quilibre d\u00e9licat, qui n\u00e9cessite la coop\u00e9ration active des fabricants, des distributeurs et des prescripteurs pour maintenir des tarifs accessibles sans brider l\u2019innovation.<\/p>\n\n\n\n<hr class=\"wp-block-separator has-alpha-channel-opacity\"\/>\n\n\n\n<h2 class=\"wp-block-heading\">Le r\u00f4le d\u2019Orvimed dans cette nouvelle dynamique<\/h2>\n\n\n\n<p>Dans ce contexte de transformation, Orvimed s\u2019impose comme un <strong>acteur de r\u00e9f\u00e9rence<\/strong> du maintien \u00e0 domicile et du mat\u00e9riel m\u00e9dical en France.<br>La r\u00e9forme des fauteuils roulants ne modifie pas seulement la r\u00e9glementation : elle red\u00e9finit aussi la place des prestataires sp\u00e9cialis\u00e9s, qui deviennent de v\u00e9ritables partenaires de sant\u00e9.<\/p>\n\n\n\n<h3 class=\"wp-block-heading\">Une expertise fond\u00e9e sur l\u2019\u00e9coute et la personnalisation<\/h3>\n\n\n\n<p>Depuis plusieurs ann\u00e9es, Orvimed s\u2019engage aupr\u00e8s des personnes \u00e0 mobilit\u00e9 r\u00e9duite pour leur offrir des solutions adapt\u00e9es \u00e0 leurs besoins r\u00e9els.<br>Chaque fauteuil roulant, chaque accessoire, chaque am\u00e9nagement est s\u00e9lectionn\u00e9 avec soin, apr\u00e8s un <strong>diagnostic pr\u00e9cis<\/strong> des attentes, du mode de vie et du niveau d\u2019autonomie de l\u2019utilisateur.<\/p>\n\n\n\n<p>Orvimed ne se contente pas de fournir un produit : l\u2019\u00e9quipe accompagne le patient \u00e0 chaque \u00e9tape, de la prescription m\u00e9dicale \u00e0 la prise en main du mat\u00e9riel.<br>Ce suivi personnalis\u00e9 assure un <strong>confort optimal<\/strong> et une <strong>utilisation s\u00e9curis\u00e9e<\/strong>, tout en r\u00e9duisant les risques de mauvaise adaptation.<\/p>\n\n\n\n<hr class=\"wp-block-separator has-alpha-channel-opacity\"\/>\n\n\n\n<h3 class=\"wp-block-heading\">Une offre compl\u00e8te et \u00e9volutive<\/h3>\n\n\n\n<p>La gamme propos\u00e9e par Orvimed couvre l\u2019ensemble des besoins :<\/p>\n\n\n\n<ul>\n<li><strong>Fauteuils roulants manuels<\/strong>, pour une mobilit\u00e9 quotidienne simple et l\u00e9g\u00e8re.<\/li>\n\n\n\n<li><strong>Fauteuils \u00e9lectriques<\/strong>, pour une autonomie renforc\u00e9e et des d\u00e9placements facilit\u00e9s.<\/li>\n\n\n\n<li><strong>Accessoires de confort<\/strong> : coussins ergonomiques, appuis-t\u00eate, repose-jambes, ceintures de maintien.<\/li>\n\n\n\n<li><strong>Solutions de mobilit\u00e9 compl\u00e9mentaires<\/strong>, telles que les scooters m\u00e9dicaux et aides techniques pour le transfert.<\/li>\n<\/ul>\n\n\n\n<p>Cette diversit\u00e9 permet \u00e0 Orvimed de r\u00e9pondre aussi bien aux besoins ponctuels qu\u2019aux situations plus complexes, en respectant les prescriptions m\u00e9dicales et les attentes personnelles de chacun.<\/p>\n\n\n\n<hr class=\"wp-block-separator has-alpha-channel-opacity\"\/>\n\n\n\n<h3 class=\"wp-block-heading\">Une logistique fluide et un service de proximit\u00e9<\/h3>\n\n\n\n<p>L\u2019un des points forts d\u2019Orvimed r\u00e9side dans sa <strong>capacit\u00e9 logistique<\/strong> et sa <strong>rapidit\u00e9 de livraison<\/strong>.<br>Gr\u00e2ce \u00e0 un r\u00e9seau bien structur\u00e9, les commandes sont pr\u00e9par\u00e9es et exp\u00e9di\u00e9es dans des d\u00e9lais tr\u00e8s courts, garantissant aux utilisateurs un acc\u00e8s rapide \u00e0 leur mat\u00e9riel.<br>Les fauteuils sont livr\u00e9s mont\u00e9s, r\u00e9gl\u00e9s et pr\u00eats \u00e0 l\u2019emploi, avec une d\u00e9monstration d\u2019utilisation lorsque cela est n\u00e9cessaire.<\/p>\n\n\n\n<p>Cette rigueur de service r\u00e9pond parfaitement aux exigences de la r\u00e9forme, qui valorise d\u00e9sormais les prestataires capables d\u2019assurer un <strong>accompagnement complet<\/strong> \u2014 de la commande \u00e0 l\u2019entretien.<\/p>\n\n\n\n<p>Orvimed propose \u00e9galement un <strong>service apr\u00e8s-vente r\u00e9actif<\/strong>, essentiel pour les r\u00e9parations, les ajustements ou les changements de pi\u00e8ces.<br>Les utilisateurs peuvent ainsi compter sur un suivi dans la dur\u00e9e, gage de s\u00e9r\u00e9nit\u00e9 et de confiance.<\/p>\n\n\n\n<hr class=\"wp-block-separator has-alpha-channel-opacity\"\/>\n\n\n\n<h3 class=\"wp-block-heading\">Un partenaire engag\u00e9 pour la qualit\u00e9 et la dignit\u00e9<\/h3>\n\n\n\n<p>Au-del\u00e0 de l\u2019aspect technique, Orvimed d\u00e9fend une vision profond\u00e9ment humaine du mat\u00e9riel m\u00e9dical.<br>Chaque fauteuil roulant est per\u00e7u non pas comme un simple dispositif, mais comme un <strong>outil d\u2019ind\u00e9pendance, de dignit\u00e9 et de bien-\u00eatre<\/strong>.<\/p>\n\n\n\n<p>L\u2019entreprise travaille main dans la main avec les <strong>professionnels de sant\u00e9<\/strong>, les <strong>ergoth\u00e9rapeutes<\/strong> et les <strong>associations de patients<\/strong>, afin de garantir des solutions r\u00e9ellement adapt\u00e9es \u00e0 la vie quotidienne des personnes concern\u00e9es.<br>Cet engagement s\u2019inscrit dans une d\u00e9marche \u00e9thique et sociale : rendre la mobilit\u00e9 accessible \u00e0 tous, tout en respectant la singularit\u00e9 de chaque individu.<\/p>\n\n\n\n<hr class=\"wp-block-separator has-alpha-channel-opacity\"\/>\n\n\n\n<h2 class=\"wp-block-heading\">Vers une mobilit\u00e9 inclusive et responsable<\/h2>\n\n\n\n<h3 class=\"wp-block-heading\">Un pas de plus vers l\u2019\u00e9galit\u00e9 des chances<\/h3>\n\n\n\n<p>Avec cette r\u00e9forme, la France franchit une \u00e9tape majeure dans la reconnaissance du droit fondamental \u00e0 la mobilit\u00e9.<br>Elle affirme que chaque citoyen, quelle que soit sa condition physique, doit pouvoir <strong>vivre librement et se d\u00e9placer dignement<\/strong>, sans \u00eatre limit\u00e9 par des barri\u00e8res financi\u00e8res ou administratives.<\/p>\n\n\n\n<p>L\u2019enjeu d\u00e9passe largement la simple question du remboursement : il s\u2019agit d\u2019une <strong>\u00e9volution soci\u00e9tale<\/strong>, d\u2019un pas concret vers l\u2019inclusion, la participation citoyenne et l\u2019autonomie durable.<\/p>\n\n\n\n<hr class=\"wp-block-separator has-alpha-channel-opacity\"\/>\n\n\n\n<h3 class=\"wp-block-heading\">Le r\u00f4le cl\u00e9 des acteurs du terrain<\/h3>\n\n\n\n<p>Les prestataires sp\u00e9cialis\u00e9s comme Orvimed jouent un r\u00f4le d\u00e9terminant dans cette transition.<br>En combinant expertise technique, accompagnement humain et r\u00e9activit\u00e9, ils donnent corps \u00e0 la r\u00e9forme et assurent sa r\u00e9ussite concr\u00e8te.<br>Ce sont eux qui traduisent les textes l\u00e9gislatifs en <strong>solutions tangibles<\/strong> pour les usagers : un fauteuil adapt\u00e9, un suivi r\u00e9gulier, une \u00e9coute bienveillante.<\/p>\n\n\n\n<p>\u00c0 travers leur pr\u00e9sence sur le terrain, ils incarnent la <strong>proximit\u00e9, la confiance et la comp\u00e9tence<\/strong> dont d\u00e9pendent la qualit\u00e9 et la p\u00e9rennit\u00e9 du syst\u00e8me.<\/p>\n\n\n\n<hr class=\"wp-block-separator has-alpha-channel-opacity\"\/>\n\n\n\n<h3 class=\"wp-block-heading\">Innovation et humanit\u00e9 : les deux moteurs de l\u2019avenir<\/h3>\n\n\n\n<p>L\u2019avenir du secteur repose sur deux piliers indissociables : <strong>l\u2019innovation technologique<\/strong> et <strong>l\u2019humanit\u00e9 du service<\/strong>.<br>Les fauteuils roulants de demain seront plus connect\u00e9s, plus intelligents, plus \u00e9cologiques, mais ils devront toujours s\u2019accompagner d\u2019une approche empathique et respectueuse.<\/p>\n\n\n\n<p>Orvimed l\u2019a compris : la technologie ne remplace pas l\u2019humain, elle le sert.<br>L\u2019objectif reste le m\u00eame \u2014 offrir \u00e0 chacun <strong>plus d\u2019autonomie, plus de confort et plus de libert\u00e9<\/strong> \u2014 tout en maintenant une qualit\u00e9 de relation et de service exemplaire.<\/p>\n\n\n\n<blockquote class=\"wp-block-quote\">\n<p><em>Cette <strong>r\u00e9forme des fauteuils roulants<\/strong> est une excellente nouvelle, mais elle demande une vigilance particuli\u00e8re sur le choix du mod\u00e8le. Pour b\u00e9n\u00e9ficier du reste \u00e0 charge z\u00e9ro, le fauteuil devra r\u00e9pondre \u00e0 des crit\u00e8res techniques pr\u00e9cis. Chez Orvimed, nous accompagnons d\u00e9j\u00e0 nos clients pour anticiper ces changements et garantir une transition sereine vers un mat\u00e9riel adapt\u00e9<\/em><\/p>\n<cite><strong>L\u2019avis de notre expert : Mickael Zander<\/strong><\/cite><\/blockquote>\n\n\n\n<hr class=\"wp-block-separator has-alpha-channel-opacity\"\/>\n\n\n\n<h3 class=\"wp-block-heading\">Conclusion : une r\u00e9forme porteuse d\u2019espoir<\/h3>\n\n\n\n<p>La r\u00e9forme des fauteuils roulants ouvre une nouvelle \u00e8re pour les personnes \u00e0 mobilit\u00e9 r\u00e9duite.<br>Elle t\u00e9moigne d\u2019une prise de conscience collective : l\u2019autonomie n\u2019est pas un privil\u00e8ge, c\u2019est un droit.<br>En modernisant la prise en charge, en simplifiant les d\u00e9marches et en valorisant les prestataires engag\u00e9s, la France se donne les moyens d\u2019avancer vers une soci\u00e9t\u00e9 plus inclusive et plus solidaire.<\/p>\n\n\n\n<p>Orvimed s\u2019inscrit pleinement dans cette dynamique.<br>\u00c0 travers son expertise, sa rigueur et son humanit\u00e9, l\u2019entreprise accompagne chaque utilisateur dans ce changement majeur, en pla\u00e7ant la <strong>qualit\u00e9, la confiance et la dignit\u00e9<\/strong> au c\u0153ur de sa mission.<\/p>\n\n\n\n<p>\ud83d\udc49 D\u00e9couvrez d\u00e8s maintenant <strong>les fauteuils roulants et solutions de mobilit\u00e9 Orvimed<\/strong> sur <a href=\"https:\/\/www.orvimed.fr\">www.orvimed.fr<\/a>, votre partenaire sant\u00e9 et autonomie \u00e0 domicile.<\/p>\n\n\n\n<p>Pour consulter le calendrier officiel de mise en \u0153uvre, rendez-vous sur le site du <strong><a href=\"https:\/\/sante.gouv.fr\/\" target=\"_blank\" rel=\"noreferrer noopener nofollow\">Minist\u00e8re de la Sant\u00e9<\/a><\/strong>.<\/p>\n","protected":false},"excerpt":{"rendered":"<p>La nouvelle r\u00e9forme des fauteuils roulants marque une \u00e9tape historique pour l&rsquo;autonomie en France. Attendue par de nombreux usagers et associations, cette mesure vise \u00e0 simplifier l&rsquo;acc\u00e8s aux aides techniques et \u00e0 am\u00e9liorer le remboursement des \u00e9quipements. Nouvelle r\u00e9forme des fauteuils roulants : comprendre le contexte et les enjeux Depuis plusieurs ann\u00e9es, les associations de &hellip;<\/p>\n<p class=\"read-more\"> <a class=\"\" href=\"https:\/\/www.orvimed.fr\/blog\/reforme-fauteuils-roulants-autonomie-mobilite\/\"> <span class=\"screen-reader-text\">Nouvelle r\u00e9forme des fauteuils roulants : un tournant pour l\u2019autonomie et la mobilit\u00e9 en France<\/span> Read More &raquo;<\/a><\/p>\n","protected":false},"author":2,"featured_media":861,"comment_status":"closed","ping_status":"closed","sticky":false,"template":"","format":"standard","meta":{"site-sidebar-layout":"default","site-content-layout":"default","ast-global-header-display":"","ast-banner-title-visibility":"","ast-main-header-display":"","ast-hfb-above-header-display":"","ast-hfb-below-header-display":"","ast-hfb-mobile-header-display":"","site-post-title":"","ast-breadcrumbs-content":"","ast-featured-img":"","footer-sml-layout":"","theme-transparent-header-meta":"","adv-header-id-meta":"","stick-header-meta":"","header-above-stick-meta":"","header-main-stick-meta":"","header-below-stick-meta":""},"categories":[1],"tags":[409,401,781,79,56,782,778,779,780],"_links":{"self":[{"href":"https:\/\/www.orvimed.fr\/blog\/wp-json\/wp\/v2\/posts\/860"}],"collection":[{"href":"https:\/\/www.orvimed.fr\/blog\/wp-json\/wp\/v2\/posts"}],"about":[{"href":"https:\/\/www.orvimed.fr\/blog\/wp-json\/wp\/v2\/types\/post"}],"author":[{"embeddable":true,"href":"https:\/\/www.orvimed.fr\/blog\/wp-json\/wp\/v2\/users\/2"}],"replies":[{"embeddable":true,"href":"https:\/\/www.orvimed.fr\/blog\/wp-json\/wp\/v2\/comments?post=860"}],"version-history":[{"count":3,"href":"https:\/\/www.orvimed.fr\/blog\/wp-json\/wp\/v2\/posts\/860\/revisions"}],"predecessor-version":[{"id":1333,"href":"https:\/\/www.orvimed.fr\/blog\/wp-json\/wp\/v2\/posts\/860\/revisions\/1333"}],"wp:featuredmedia":[{"embeddable":true,"href":"https:\/\/www.orvimed.fr\/blog\/wp-json\/wp\/v2\/media\/861"}],"wp:attachment":[{"href":"https:\/\/www.orvimed.fr\/blog\/wp-json\/wp\/v2\/media?parent=860"}],"wp:term":[{"taxonomy":"category","embeddable":true,"href":"https:\/\/www.orvimed.fr\/blog\/wp-json\/wp\/v2\/categories?post=860"},{"taxonomy":"post_tag","embeddable":true,"href":"https:\/\/www.orvimed.fr\/blog\/wp-json\/wp\/v2\/tags?post=860"}],"curies":[{"name":"wp","href":"https:\/\/api.w.org\/{rel}","templated":true}]}}