{"id":831,"date":"2025-10-20T17:42:54","date_gmt":"2025-10-20T15:42:54","guid":{"rendered":"https:\/\/www.orvimed.fr\/blog\/?p=831"},"modified":"2026-02-06T11:13:23","modified_gmt":"2026-02-06T10:13:23","slug":"location-de-materiel-medical-la-solution-simple-et-rapide-a-domicile","status":"publish","type":"post","link":"https:\/\/www.orvimed.fr\/blog\/location-de-materiel-medical-la-solution-simple-et-rapide-a-domicile\/","title":{"rendered":"Livraison de mat\u00e9riel m\u00e9dical dans l\u2019Essonne : confort, autonomie et accompagnement humain avec Orvimed"},"content":{"rendered":"\n<p>Au c\u0153ur de l\u2019Essonne, territoire aux multiples visages m\u00ealant villes dynamiques et communes paisibles, le besoin d\u2019un accompagnement m\u00e9dical de proximit\u00e9 est de plus en plus pr\u00e9sent. Entre les centres urbains d\u2019\u00c9vry-Courcouronnes, Massy ou Palaiseau, et les zones plus rurales comme Dourdan ou \u00c9tampes, de nombreuses familles recherchent des solutions fiables pour le <strong>maintien \u00e0 domicile<\/strong> ou la <strong>convalescence<\/strong>.<\/p>\n\n\n\n<p>C\u2019est l\u00e0 qu\u2019intervient <strong>Orvimed<\/strong>, acteur francilien reconnu pour sa <strong>livraison rapide de mat\u00e9riel m\u00e9dical<\/strong> \u00e0 domicile. L\u2019entreprise, forte d\u2019une exp\u00e9rience solide depuis 2016, a su construire un service fond\u00e9 sur la r\u00e9activit\u00e9, l\u2019\u00e9coute et la bienveillance. Chaque jour, ses \u00e9quipes sillonnent les routes de l\u2019Essonne pour livrer, installer et expliquer l\u2019usage du mat\u00e9riel m\u00e9dical n\u00e9cessaire au confort et \u00e0 la s\u00e9curit\u00e9 des patients.<\/p>\n\n\n\n<p>L\u2019objectif est clair : permettre \u00e0 chacun de <strong>vivre mieux chez soi<\/strong>, avec des \u00e9quipements adapt\u00e9s et un accompagnement humain \u00e0 chaque \u00e9tape.<\/p>\n\n\n\n<p><\/p>\n\n\n\n<p>Lorsqu\u2019un besoin m\u00e9dical survient, la priorit\u00e9 est la r\u00e9activit\u00e9. Qu\u2019il s\u2019agisse d\u2019un retour d\u2019hospitalisation, d\u2019une perte d\u2019autonomie temporaire ou d\u2019un am\u00e9nagement \u00e0 long terme, la <strong>location de mat\u00e9riel m\u00e9dical<\/strong> permet d\u2019obtenir rapidement ce qu\u2019il faut, sans contrainte ni co\u00fbt excessif.<\/p>\n\n\n\n<p>Orvimed propose une <strong>livraison et installation gratuites sous 24 heures<\/strong> dans tout le d\u00e9partement, de Massy \u00e0 \u00c9tampes, en passant par Corbeil-Essonnes et Savigny-sur-Orge. Les techniciens se d\u00e9placent \u00e0 domicile, installent le mat\u00e9riel, r\u00e8glent les dispositifs et expliquent leur fonctionnement de mani\u00e8re claire et rassurante.<\/p>\n\n\n\n<p>Sur <a href=\"https:\/\/www.orvimed.fr\/page\/9-location-de-lit-medicalise\">www.orvimed.fr\/page\/9-location-de-lit-medicalise<\/a>, vous pouvez d\u00e9couvrir toute la gamme de <strong>lits m\u00e9dicalis\u00e9s<\/strong>, avec des mod\u00e8les \u00e9lectriques, \u00e0 hauteur variable ou triples fonctions. Ces lits sont con\u00e7us pour allier confort, s\u00e9curit\u00e9 et praticit\u00e9, aussi bien pour le patient que pour les aidants.<\/p>\n\n\n\n<h3 class=\"wp-block-heading\">Une prise en charge \u00e0 100 % sur ordonnance<\/h3>\n\n\n\n<p>Orvimed applique <strong>strictement les tarifs de la S\u00e9curit\u00e9 sociale<\/strong>, sans d\u00e9passement. Cela signifie que, sur pr\u00e9sentation d\u2019une ordonnance, la <strong>location est int\u00e9gralement rembours\u00e9e<\/strong>.<br>C\u2019est une garantie pr\u00e9cieuse pour les familles, qui n\u2019ont plus \u00e0 se soucier des d\u00e9marches complexes ou de frais impr\u00e9vus.<\/p>\n\n\n\n<h3 class=\"wp-block-heading\">Des \u00e9quipements fiables et contr\u00f4l\u00e9s<\/h3>\n\n\n\n<p>En plus des lits m\u00e9dicalis\u00e9s, Orvimed propose \u00e0 la location :<\/p>\n\n\n\n<ul>\n<li>des <strong>l\u00e8ve-malades<\/strong> manuels ou \u00e9lectriques, pour faciliter les transferts,<\/li>\n\n\n\n<li>des <strong>matelas \u00e0 air<\/strong> pour la <strong>pr\u00e9vention des escarres<\/strong>,<\/li>\n\n\n\n<li>des <strong>fauteuils roulants<\/strong> confortables et r\u00e9glables,<\/li>\n\n\n\n<li>et divers accessoires destin\u00e9s \u00e0 am\u00e9liorer le confort du patient.<\/li>\n<\/ul>\n\n\n\n<p>Chaque appareil est livr\u00e9 pr\u00eat \u00e0 l\u2019emploi, nettoy\u00e9, v\u00e9rifi\u00e9 et conforme aux normes m\u00e9dicales en vigueur. En cas de probl\u00e8me technique, un remplacement rapide est assur\u00e9.<\/p>\n\n\n\n<p>Orvimed se distingue ainsi par une approche globale : un mat\u00e9riel de qualit\u00e9, une <strong>logistique r\u00e9active<\/strong> et un <strong>service client humain<\/strong>, attentif \u00e0 chaque situation.<\/p>\n\n\n\n<h2 class=\"wp-block-heading\">Maintien \u00e0 domicile : confort, s\u00e9curit\u00e9 et autonomie dans chaque foyer essonnien<\/h2>\n\n\n\n<p>Vivre chez soi le plus longtemps possible, c\u2019est pr\u00e9server sa libert\u00e9 et son \u00e9quilibre de vie. Dans l\u2019Essonne, de nombreux habitants font le choix du <strong>maintien \u00e0 domicile<\/strong>, souvent accompagn\u00e9 par leurs proches ou des professionnels de sant\u00e9. Orvimed s\u2019engage \u00e0 rendre ce quotidien plus simple et plus s\u00fbr, gr\u00e2ce \u00e0 une s\u00e9lection compl\u00e8te d\u2019\u00e9quipements pratiques et ergonomiques.<\/p>\n\n\n\n<p>Sur <a href=\"https:\/\/www.orvimed.fr\/8-maintien-a-domicile\">www.orvimed.fr\/8-maintien-a-domicile<\/a>, l\u2019entreprise propose des <strong>solutions sur mesure<\/strong> pour chaque pi\u00e8ce du logement, que ce soit la chambre, la salle de bains ou les toilettes. Chaque produit a \u00e9t\u00e9 choisi pour r\u00e9pondre \u00e0 un double objectif : pr\u00e9server l\u2019autonomie tout en garantissant la s\u00e9curit\u00e9.<\/p>\n\n\n\n<h3 class=\"wp-block-heading\">Une salle de bains adapt\u00e9e et rassurante<\/h3>\n\n\n\n<p>Les chutes dans la salle de bains sont l\u2019une des principales causes d\u2019accidents domestiques chez les seniors. Orvimed propose une large gamme de <strong>chaises de douche<\/strong>, <strong>si\u00e8ges pivotants<\/strong>, <strong>barres d\u2019appui<\/strong> et <strong>tapis antid\u00e9rapants<\/strong>, disponibles sur <a href=\"https:\/\/www.orvimed.fr\/6-equipement-de-la-salle-de-bain\">www.orvimed.fr\/6-equipement-de-la-salle-de-bain<\/a>.<br>Ces produits, faciles \u00e0 installer, s\u2019int\u00e8grent parfaitement dans les logements modernes de Massy ou les maisons traditionnelles du sud de l\u2019Essonne.<\/p>\n\n\n\n<h3 class=\"wp-block-heading\">Confort et ergonomie dans la chambre<\/h3>\n\n\n\n<p>La chambre est un espace de repos mais aussi de soin. Orvimed y apporte des solutions pratiques comme des <strong>poign\u00e9es d\u2019aide au lever<\/strong> (<a href=\"https:\/\/www.orvimed.fr\/maintien-a-domicile\/149-poignee-d-aide-let-s-get-up-7350036883867.html\">Let\u2019s Get Up<\/a>), des <strong>tables de lit<\/strong> et des <strong>draps de glisse<\/strong> (<a href=\"https:\/\/www.orvimed.fr\/7-equipement-de-la-chambre\">www.orvimed.fr\/7-equipement-de-la-chambre<\/a>). Ces accessoires facilitent les gestes du quotidien et r\u00e9duisent les efforts pour les aidants.<\/p>\n\n\n\n<h3 class=\"wp-block-heading\">Des toilettes pratiques et hygi\u00e9niques<\/h3>\n\n\n\n<p>Parce que pr\u00e9server la dignit\u00e9 est essentiel, Orvimed propose des <strong>chaises garde-robe<\/strong> et <strong>chaises de toilette<\/strong> (<a href=\"https:\/\/www.orvimed.fr\/39-chaise-de-toilette\">www.orvimed.fr\/39-chaise-de-toilette<\/a>) adapt\u00e9es \u00e0 chaque situation. Certains mod\u00e8les sont <strong>pris en charge \u00e0 100 %<\/strong>.<br>Pour simplifier l\u2019entretien, les <strong>prot\u00e8ges-seaux Carebag<\/strong> (<a href=\"https:\/\/www.orvimed.fr\/equipement-de-la-salle-de-bain\/85-protege-seau-carebag-3760059230069.html\">www.orvimed.fr\/equipement-de-la-salle-de-bain\/85-protege-seau-carebag-3760059230069.html<\/a>) et les \u00e9quipements des toilettes (<a href=\"https:\/\/www.orvimed.fr\/38-equipement-des-toilettes\">www.orvimed.fr\/38-equipement-des-toilettes<\/a>) garantissent hygi\u00e8ne et confort au quotidien.<\/p>\n\n\n\n<p>Gr\u00e2ce \u00e0 ces am\u00e9nagements, de nombreuses familles essonniennes trouvent avec Orvimed un partenaire fiable pour adapter leur logement \u00e0 chaque \u00e9tape de la vie.<\/p>\n\n\n\n<hr class=\"wp-block-separator has-alpha-channel-opacity\"\/>\n\n\n\n<h2 class=\"wp-block-heading\">Mobilit\u00e9 : retrouver confiance et libert\u00e9 de mouvement<\/h2>\n\n\n\n<p>Se d\u00e9placer librement, c\u2019est conserver une part pr\u00e9cieuse d\u2019autonomie. Dans l\u2019Essonne, d\u00e9partement \u00e0 la fois vaste et bien connect\u00e9, la mobilit\u00e9 joue un r\u00f4le cl\u00e9 pour les seniors, les personnes handicap\u00e9es ou en convalescence.<\/p>\n\n\n\n<p>Orvimed met \u00e0 disposition une gamme compl\u00e8te d\u2019<strong>aides \u00e0 la mobilit\u00e9<\/strong> sur <a href=\"https:\/\/www.orvimed.fr\/9-mobilite\">www.orvimed.fr\/9-mobilite<\/a>. Ces \u00e9quipements permettent de reprendre confiance, de limiter les risques de chute et de continuer \u00e0 participer \u00e0 la vie sociale, que ce soit pour une promenade dans un parc d\u2019\u00c9vry, une sortie au march\u00e9 de Palaiseau ou une visite chez le m\u00e9decin.<\/p>\n\n\n\n<h3 class=\"wp-block-heading\">D\u00e9ambulateurs et rollators : \u00e9quilibre et s\u00e9curit\u00e9<\/h3>\n\n\n\n<p>Les <strong>d\u00e9ambulateurs<\/strong> et <strong>rollators<\/strong> (<a href=\"https:\/\/www.orvimed.fr\/32-deambulateur-et-rollator\">www.orvimed.fr\/32-deambulateur-et-rollator<\/a>) propos\u00e9s par Orvimed sont \u00e0 la fois robustes, l\u00e9gers et esth\u00e9tiques. Certains mod\u00e8les sont <strong>pliables<\/strong>, d\u2019autres disposent de <strong>si\u00e8ges int\u00e9gr\u00e9s<\/strong> pour permettre de se reposer \u00e0 tout moment.<br>Ils sont id\u00e9aux pour les d\u00e9placements quotidiens, y compris dans les environnements urbains fr\u00e9quent\u00e9s comme \u00e0 Massy ou Antony.<\/p>\n\n\n\n<h3 class=\"wp-block-heading\">Fauteuils de transfert et de transport<\/h3>\n\n\n\n<p>Pour les trajets accompagn\u00e9s ou les visites m\u00e9dicales, les <strong>fauteuils de transfert<\/strong> (<a href=\"https:\/\/www.orvimed.fr\/30-fauteuil-de-transfert-et-transport\">www.orvimed.fr\/30-fauteuil-de-transfert-et-transport<\/a>) offrent un confort optimal. L\u00e9gers et faciles \u00e0 ranger, ils sont con\u00e7us pour simplifier la vie des aidants tout en garantissant la s\u00e9curit\u00e9 du patient.<\/p>\n\n\n\n<h3 class=\"wp-block-heading\">Scooters et fauteuils \u00e9lectriques : l\u2019autonomie retrouv\u00e9e<\/h3>\n\n\n\n<p>Pour les utilisateurs souhaitant conserver une grande ind\u00e9pendance, Orvimed propose des <strong>fauteuils \u00e9lectriques<\/strong> (<a href=\"https:\/\/www.orvimed.fr\/44-fauteuil-electrique\">www.orvimed.fr\/44-fauteuil-electrique<\/a>) et des <strong>scooters \u00e9lectriques<\/strong> (<a href=\"https:\/\/www.orvimed.fr\/45-scooter-electrique\">www.orvimed.fr\/45-scooter-electrique<\/a>). Ces \u00e9quipements allient technologie, confort et design moderne.<br>Les techniciens Orvimed assurent la mise en service \u00e0 domicile et expliquent le maniement en toute s\u00e9curit\u00e9.<\/p>\n\n\n\n<p>Gr\u00e2ce \u00e0 ces solutions, la mobilit\u00e9 redevient un plaisir et non une contrainte, permettant \u00e0 chacun de rester actif, autonome et connect\u00e9 \u00e0 son environnement.<\/p>\n\n\n\n<h2 class=\"wp-block-heading\">Incontinence : confort discret et accompagnement bienveillant<\/h2>\n\n\n\n<p>L\u2019incontinence touche un grand nombre de personnes, souvent dans le silence et la pudeur. Orvimed s\u2019engage \u00e0 aborder ce sujet avec respect et professionnalisme, en proposant des produits performants et discrets, adapt\u00e9s \u00e0 chaque situation.<\/p>\n\n\n\n<p>Sur <a href=\"https:\/\/www.orvimed.fr\/3-incontinence\">www.orvimed.fr\/3-incontinence<\/a>, les habitants de l\u2019Essonne peuvent acc\u00e9der \u00e0 une s\u00e9lection compl\u00e8te : <strong>changes complets<\/strong>, <strong>slips absorbants<\/strong> et <strong>al\u00e8ses<\/strong> (lavables ou jetables). Ces produits sont choisis pour leur confort, leur fiabilit\u00e9 et leur capacit\u00e9 \u00e0 prot\u00e9ger la peau.<\/p>\n\n\n\n<ul>\n<li>Les <strong>changes complets<\/strong> garantissent une absorption maximale, id\u00e9als pour les personnes alit\u00e9es ou d\u00e9pendantes (<a href=\"https:\/\/www.orvimed.fr\/12-change-complet\">www.orvimed.fr\/12-change-complet<\/a>).<\/li>\n\n\n\n<li>Les <strong>slips absorbants<\/strong>, discrets et confortables, conviennent aux utilisateurs actifs (<a href=\"https:\/\/www.orvimed.fr\/4-slip-absorbant\">www.orvimed.fr\/4-slip-absorbant<\/a>).<\/li>\n\n\n\n<li>Les <strong>al\u00e8ses<\/strong> prot\u00e8gent les matelas et fauteuils avec efficacit\u00e9 (<a href=\"https:\/\/www.orvimed.fr\/16-aleses\">www.orvimed.fr\/16-aleses<\/a>).<\/li>\n<\/ul>\n\n\n\n<p>Orvimed travaille avec les meilleures marques du march\u00e9 \u2014 <strong>Abena<\/strong>, <strong>Hartmann<\/strong> et <strong>Tena<\/strong> \u2014 pour offrir \u00e0 ses clients des produits \u00e0 la fois performants et doux pour la peau.<\/p>\n\n\n\n<p>La <strong>livraison est assur\u00e9e en 24 heures<\/strong> dans tout le d\u00e9partement, avec <strong>port offert d\u00e8s 99 \u20ac d\u2019achat<\/strong>. Les conseillers Orvimed prennent le temps d\u2019\u00e9couter, d\u2019orienter et de recommander la solution la plus adapt\u00e9e, toujours dans la discr\u00e9tion et la bienveillance.<\/p>\n\n\n\n<p>Parce que la dignit\u00e9 et le confort ne devraient jamais \u00eatre un luxe.<\/p>\n\n\n\n<hr class=\"wp-block-separator has-alpha-channel-opacity\"\/>\n\n\n\n<h2 class=\"wp-block-heading\">Pr\u00e9vention d\u2019escarres et positionnement : le confort th\u00e9rapeutique au quotidien<\/h2>\n\n\n\n<p>Les escarres sont une complication fr\u00e9quente pour les personnes \u00e0 mobilit\u00e9 r\u00e9duite ou alit\u00e9es. Orvimed met \u00e0 disposition une gamme compl\u00e8te de produits pour <strong>pr\u00e9venir et soulager les pressions<\/strong>.<\/p>\n\n\n\n<p>Sur <a href=\"https:\/\/www.orvimed.fr\/41-coussins-escarres-et-positionnement\">www.orvimed.fr\/41-coussins-escarres-et-positionnement<\/a>, on trouve notamment :<\/p>\n\n\n\n<ul>\n<li>les <strong>coussins Viscoflex et Viscoflex+<\/strong>, en mousse \u00e0 m\u00e9moire de forme,<\/li>\n\n\n\n<li>les <strong>coussins bou\u00e9es<\/strong> pour soulager les zones sensibles,<\/li>\n\n\n\n<li>et des <strong>cr\u00e8mes de soin r\u00e9paratrices<\/strong> favorisant la r\u00e9g\u00e9n\u00e9ration cutan\u00e9e.<\/li>\n<\/ul>\n\n\n\n<p>Chaque produit est con\u00e7u pour offrir un confort optimal et am\u00e9liorer la qualit\u00e9 de vie. L\u2019\u00e9quipe Orvimed aide les familles \u00e0 choisir le mat\u00e9riel le plus adapt\u00e9 \u00e0 la morphologie et au niveau de mobilit\u00e9 du patient.<\/p>\n\n\n\n<p>Dans l\u2019Essonne, ces \u00e9quipements sont livr\u00e9s rapidement, avec un suivi attentif et des conseils personnalis\u00e9s. L\u2019objectif : r\u00e9duire les risques, apaiser les douleurs et favoriser une convalescence sereine.<\/p>\n\n\n\n<hr class=\"wp-block-separator has-alpha-channel-opacity\"\/>\n\n\n\n<h2 class=\"wp-block-heading\">Prise en charge S\u00e9curit\u00e9 sociale : un accompagnement clair et rassurant<\/h2>\n\n\n\n<p>La gestion des d\u00e9marches administratives peut vite devenir un casse-t\u00eate. Orvimed simplifie tout le processus de <strong>prise en charge par la S\u00e9curit\u00e9 sociale<\/strong>, pour que chaque patient b\u00e9n\u00e9ficie d\u2019un remboursement rapide et complet.<\/p>\n\n\n\n<p>Voici comment proc\u00e9der :<\/p>\n\n\n\n<ol>\n<li><strong>Consultez votre m\u00e9decin<\/strong> pour obtenir une ordonnance.<\/li>\n\n\n\n<li><strong>Passez commande<\/strong> sur <a href=\"https:\/\/www.orvimed.fr\">www.orvimed.fr<\/a>.<\/li>\n\n\n\n<li><strong>Contactez Orvimed<\/strong> au <strong>01 53 66 18 12<\/strong> ou par mail \u00e0 <strong><a>contact@orvimed.fr<\/a><\/strong> afin de recevoir votre <strong>facture acquitt\u00e9e<\/strong> et le <strong>formulaire CERFA<\/strong>.<\/li>\n\n\n\n<li><strong>Envoyez ces documents<\/strong> \u00e0 votre caisse d\u2019Assurance Maladie.<\/li>\n\n\n\n<li><strong>Recevez le remboursement<\/strong> sous quelques semaines.<\/li>\n<\/ol>\n\n\n\n<p>Les conseillers Orvimed restent disponibles \u00e0 chaque \u00e9tape. Leur mission : accompagner, expliquer et soulager les familles dans leurs d\u00e9marches.<\/p>\n\n\n\n<hr class=\"wp-block-separator has-alpha-channel-opacity\"\/>\n\n\n\n<h2 class=\"wp-block-heading\">Fid\u00e9lit\u00e9 et parrainage : la reconnaissance de la confiance<\/h2>\n\n\n\n<p>Chez Orvimed, la satisfaction client est une priorit\u00e9. L\u2019entreprise valorise la fid\u00e9lit\u00e9 de ses utilisateurs gr\u00e2ce \u00e0 un <strong>programme de points<\/strong> accessible sur <a href=\"https:\/\/www.orvimed.fr\/pages\/fidelite-&amp;-parrainage\">www.orvimed.fr\/pages\/fidelite-&amp;-parrainage<\/a>.<\/p>\n\n\n\n<p>Chaque euro d\u00e9pens\u00e9 rapporte <strong>5 points<\/strong>, \u00e9changeables contre des bons de r\u00e9duction.<br>Les clients peuvent aussi accumuler des points en <strong>laissant un avis<\/strong>, en <strong>partageant leur exp\u00e9rience<\/strong> ou en <strong>recommandant Orvimed \u00e0 leurs proches<\/strong>.<\/p>\n\n\n\n<p>Ce programme est une mani\u00e8re de remercier la confiance des familles et de renforcer le lien durable qui unit Orvimed \u00e0 ses utilisateurs.<\/p>\n\n\n\n<hr class=\"wp-block-separator has-alpha-channel-opacity\"\/>\n\n\n\n<h2 class=\"wp-block-heading\">Conclusion : Orvimed, la r\u00e9f\u00e9rence du mat\u00e9riel m\u00e9dical en Essonne<\/h2>\n\n\n\n<p>Choisir Orvimed, c\u2019est bien plus que commander du mat\u00e9riel m\u00e9dical. C\u2019est s\u2019entourer d\u2019une \u00e9quipe attentive, comp\u00e9tente et proche, capable d\u2019intervenir partout dans le d\u00e9partement en moins de 24 heures.<\/p>\n\n\n\n<p>De <strong>Massy \u00e0 \u00c9tampes<\/strong>, de <strong>Corbeil-Essonnes \u00e0 Palaiseau<\/strong>, Orvimed accompagne chaque jour les particuliers, les soignants et les \u00e9tablissements de sant\u00e9 dans l\u2019am\u00e9nagement du domicile et la gestion du mat\u00e9riel m\u00e9dical.<\/p>\n\n\n\n<p>Les points forts d\u2019Orvimed en Essonne :<\/p>\n\n\n\n<ul>\n<li><strong>Livraison et installation gratuites sous 24h<\/strong>, partout dans le 91 ;<\/li>\n\n\n\n<li><strong>Aucune avance de frais<\/strong>, prise en charge \u00e0 100 % sur ordonnance ;<\/li>\n\n\n\n<li><strong>Service client r\u00e9actif et bienveillant<\/strong>, \u00e0 l\u2019\u00e9coute des besoins ;<\/li>\n\n\n\n<li><strong>Produits certifi\u00e9s<\/strong> et rigoureusement s\u00e9lectionn\u00e9s ;<\/li>\n\n\n\n<li><strong>Programme de fid\u00e9lit\u00e9 avantageux<\/strong> pour les clients r\u00e9guliers.<\/li>\n<\/ul>\n\n\n\n<p>Commander chez Orvimed, c\u2019est choisir la <strong>tranquillit\u00e9 d\u2019esprit<\/strong>.<br>Les habitants de l\u2019Essonne peuvent passer commande <strong>en ligne sur <a href=\"https:\/\/www.orvimed.fr\">www.orvimed.fr<\/a><\/strong> ou <strong>par t\u00e9l\u00e9phone au 01 53 66 18 12<\/strong> (clic-to-call disponible).<\/p>\n\n\n\n<p>Parce qu\u2019Orvimed ne livre pas seulement du mat\u00e9riel m\u00e9dical : elle livre aussi <strong>du confort, de la s\u00e9curit\u00e9 et de la s\u00e9r\u00e9nit\u00e9<\/strong>, l\u00e0 o\u00f9 cela compte le plus \u2014 \u00e0 la maison.<\/p>\n","protected":false},"excerpt":{"rendered":"<p>Au c\u0153ur de l\u2019Essonne, territoire aux multiples visages m\u00ealant villes dynamiques et communes paisibles, le besoin d\u2019un accompagnement m\u00e9dical de proximit\u00e9 est de plus en plus pr\u00e9sent. Entre les centres urbains d\u2019\u00c9vry-Courcouronnes, Massy ou Palaiseau, et les zones plus rurales comme Dourdan ou \u00c9tampes, de nombreuses familles recherchent des solutions fiables pour le maintien \u00e0 &hellip;<\/p>\n<p class=\"read-more\"> <a class=\"\" href=\"https:\/\/www.orvimed.fr\/blog\/location-de-materiel-medical-la-solution-simple-et-rapide-a-domicile\/\"> <span class=\"screen-reader-text\">Livraison de mat\u00e9riel m\u00e9dical dans l\u2019Essonne : confort, autonomie et accompagnement humain avec Orvimed<\/span> Read More &raquo;<\/a><\/p>\n","protected":false},"author":2,"featured_media":833,"comment_status":"closed","ping_status":"closed","sticky":false,"template":"","format":"standard","meta":{"site-sidebar-layout":"default","site-content-layout":"default","ast-global-header-display":"","ast-banner-title-visibility":"","ast-main-header-display":"","ast-hfb-above-header-display":"","ast-hfb-below-header-display":"","ast-hfb-mobile-header-display":"","site-post-title":"","ast-breadcrumbs-content":"","ast-featured-img":"","footer-sml-layout":"","theme-transparent-header-meta":"","adv-header-id-meta":"","stick-header-meta":"","header-above-stick-meta":"","header-main-stick-meta":"","header-below-stick-meta":""},"categories":[6],"tags":[489,486,485,479,481,484,480,482,487,483,488],"_links":{"self":[{"href":"https:\/\/www.orvimed.fr\/blog\/wp-json\/wp\/v2\/posts\/831"}],"collection":[{"href":"https:\/\/www.orvimed.fr\/blog\/wp-json\/wp\/v2\/posts"}],"about":[{"href":"https:\/\/www.orvimed.fr\/blog\/wp-json\/wp\/v2\/types\/post"}],"author":[{"embeddable":true,"href":"https:\/\/www.orvimed.fr\/blog\/wp-json\/wp\/v2\/users\/2"}],"replies":[{"embeddable":true,"href":"https:\/\/www.orvimed.fr\/blog\/wp-json\/wp\/v2\/comments?post=831"}],"version-history":[{"count":2,"href":"https:\/\/www.orvimed.fr\/blog\/wp-json\/wp\/v2\/posts\/831\/revisions"}],"predecessor-version":[{"id":834,"href":"https:\/\/www.orvimed.fr\/blog\/wp-json\/wp\/v2\/posts\/831\/revisions\/834"}],"wp:featuredmedia":[{"embeddable":true,"href":"https:\/\/www.orvimed.fr\/blog\/wp-json\/wp\/v2\/media\/833"}],"wp:attachment":[{"href":"https:\/\/www.orvimed.fr\/blog\/wp-json\/wp\/v2\/media?parent=831"}],"wp:term":[{"taxonomy":"category","embeddable":true,"href":"https:\/\/www.orvimed.fr\/blog\/wp-json\/wp\/v2\/categories?post=831"},{"taxonomy":"post_tag","embeddable":true,"href":"https:\/\/www.orvimed.fr\/blog\/wp-json\/wp\/v2\/tags?post=831"}],"curies":[{"name":"wp","href":"https:\/\/api.w.org\/{rel}","templated":true}]}}