{"id":184,"date":"2023-08-21T10:33:42","date_gmt":"2023-08-21T08:33:42","guid":{"rendered":"https:\/\/dev-prestashop-0af418c1d537.prestashop.sh\/blog\/?p=184"},"modified":"2026-04-13T16:46:32","modified_gmt":"2026-04-13T14:46:32","slug":"se-faire-accompagner-des-son-depart-a-la-retraite","status":"publish","type":"post","link":"https:\/\/www.orvimed.fr\/blog\/se-faire-accompagner-des-son-depart-a-la-retraite\/","title":{"rendered":"Se faire accompagner d\u00e8s son d\u00e9part \u00e0 la retraite"},"content":{"rendered":"\n<p>La p\u00e9riode du d\u00e9part \u00e0 la&nbsp;retraite&nbsp;peut \u00eatre per\u00e7ue comme une p\u00e9riode de p\u00e9rennit\u00e9 absolu, mais les choses peuvent s\u2019av\u00e9rer bien plus compliqu\u00e9 que pr\u00e9vu.&nbsp;<\/p>\n\n\n\n<p>En effet, c\u2019est le d\u00e9part d\u2019une nouvelle vie.&nbsp;<\/p>\n\n\n\n<p>Pr\u00e9curseur de nouveaux projets, de&nbsp;nouvelles ambitions&nbsp;et d\u2019envies de nouvelles d\u00e9couvertes, cette p\u00e9riode n\u2019est pas facile \u00e0 g\u00e9rer&nbsp;sans \u00eatre accompagner.&nbsp;<\/p>\n\n\n\n<p>Un accompagnement essentiel<strong><\/strong><\/p>\n\n\n\n<p>Tout d\u2019abord,&nbsp;le d\u00e9part en retraite&nbsp;n\u2019est pas la p\u00e9riode la plus simple de votre vie. Il marque&nbsp;la fin d\u2019une activit\u00e9 professionnelle&nbsp;et c\u2019est une nouvelle vie qui vous attend.<\/p>\n\n\n\n<p>C\u2019est pourquoi, il est important d\u2019\u00eatre accompagn\u00e9 dans ces d\u00e9marches administratives. Il est tr\u00e8s important de connaitre l\u2019ensemble de vos droits en tant que&nbsp;retrait\u00e9.&nbsp;<\/p>\n\n\n\n<p>S\u2019entourer de professionnels est un point essentiel afin de&nbsp;g\u00e9rer votre dossier de retraite et votre pension de r\u00e9version, par exemple.<\/p>\n\n\n\n<p>Il peux arriver aussi que certaines&nbsp;personnes \u00e2g\u00e9es&nbsp;aient&nbsp;des soucis financiers&nbsp;et ces organismes sont capables de pallier \u00e0 ces difficult\u00e9s. De plus, pour les personnes ayant une bonne situation financi\u00e8re, ces centres sont capables de vous conseiller sur votre patrimoine. Faire le point sur vos contrats d\u2019assurances vies reste tout autant essentiel dans cette d\u00e9marche.<\/p>\n\n\n\n<p>Au-del\u00e0 d\u2019un accompagnement classique, un accompagnement psychologique\u2026<strong><\/strong><\/p>\n\n\n\n<p>Dans de nombreux cas, il n\u2019est pas \u00e9vident d\u2019accepter la retraite.<\/p>\n\n\n\n<p>Accepter la retraite, c&rsquo;est&nbsp;accepter l\u2019inactivit\u00e9 professionnel, et certaines personnes le g\u00e8re&nbsp;assez mal.<\/p>\n\n\n\n<p>Ce blocage peut emp\u00eacher de&nbsp;se d\u00e9velopper dans sa nouvelle vie de retrait\u00e9.<\/p>\n\n\n\n<p>Que ce soit avec un psychologue ou un membre de la famille, il est important d\u2019\u00eatre accompagn\u00e9 sur cet aspect bien pr\u00e9cis. Le but de cette d\u00e9marche est de comprendre que cette \u00e9tape est la meilleure possible pour la sant\u00e9 et le bien-\u00eatre et qu\u2019elle repr\u00e9sente une \u00e9tape logique du cycle de la&nbsp;vie.<\/p>\n\n\n\n<p>Le but \u00e9tant de prendre confiance et d\u2019accepter sa situation et&nbsp;de comprendre que&nbsp;cette \u00e9tape de vie est b\u00e9n\u00e9fique pour vous.<\/p>\n\n\n\n<p>Une fois que cela est accept\u00e9e, vous allez vivre une seconde vie remplie de bonheur et de joie.<\/p>\n\n\n\n<p>Il est essentiel&nbsp;d&rsquo;\u00eatre bien accompagner dans cette d\u00e9marche de d\u00e9part \u00e0 la retraite.<\/p>\n\n\n\n<p>Avoir une aide peut vous assurer une p\u00e9riode de&nbsp;retraite agr\u00e9able,&nbsp;p\u00e9renne et dans les meilleures des conditions.&nbsp;<\/p>\n\n\n\n<p>Cliquez juste ici \ud83d\udc49 <a href=\"https:\/\/orvita.fr\/\" target=\"_blank\" rel=\"noreferrer noopener nofollow\">Orvita.fr<\/a> pour consulter le site de notre partenaire. Orvita est une agence d&rsquo;aide \u00e0 domicile pour les personnes \u00e2g\u00e9es situ\u00e9 sur Saint-Maur des Foss\u00e9s.<\/p>\n","protected":false},"excerpt":{"rendered":"<p>La p\u00e9riode du d\u00e9part \u00e0 la&nbsp;retraite&nbsp;peut \u00eatre per\u00e7ue comme une p\u00e9riode de p\u00e9rennit\u00e9 absolu, mais les choses peuvent s\u2019av\u00e9rer bien plus compliqu\u00e9 que pr\u00e9vu.&nbsp; En effet, c\u2019est le d\u00e9part d\u2019une nouvelle vie.&nbsp; Pr\u00e9curseur de nouveaux projets, de&nbsp;nouvelles ambitions&nbsp;et d\u2019envies de nouvelles d\u00e9couvertes, cette p\u00e9riode n\u2019est pas facile \u00e0 g\u00e9rer&nbsp;sans \u00eatre accompagner.&nbsp; Un accompagnement essentiel Tout &hellip;<\/p>\n<p class=\"read-more\"> <a class=\"\" href=\"https:\/\/www.orvimed.fr\/blog\/se-faire-accompagner-des-son-depart-a-la-retraite\/\"> <span class=\"screen-reader-text\">Se faire accompagner d\u00e8s son d\u00e9part \u00e0 la retraite<\/span> Read More &raquo;<\/a><\/p>\n","protected":false},"author":2,"featured_media":267,"comment_status":"closed","ping_status":"closed","sticky":false,"template":"","format":"standard","meta":{"site-sidebar-layout":"default","site-content-layout":"default","ast-global-header-display":"","ast-banner-title-visibility":"","ast-main-header-display":"","ast-hfb-above-header-display":"","ast-hfb-below-header-display":"","ast-hfb-mobile-header-display":"","site-post-title":"","ast-breadcrumbs-content":"","ast-featured-img":"","footer-sml-layout":"","theme-transparent-header-meta":"","adv-header-id-meta":"","stick-header-meta":"","header-above-stick-meta":"","header-main-stick-meta":"","header-below-stick-meta":""},"categories":[6],"tags":[],"_links":{"self":[{"href":"https:\/\/www.orvimed.fr\/blog\/wp-json\/wp\/v2\/posts\/184"}],"collection":[{"href":"https:\/\/www.orvimed.fr\/blog\/wp-json\/wp\/v2\/posts"}],"about":[{"href":"https:\/\/www.orvimed.fr\/blog\/wp-json\/wp\/v2\/types\/post"}],"author":[{"embeddable":true,"href":"https:\/\/www.orvimed.fr\/blog\/wp-json\/wp\/v2\/users\/2"}],"replies":[{"embeddable":true,"href":"https:\/\/www.orvimed.fr\/blog\/wp-json\/wp\/v2\/comments?post=184"}],"version-history":[{"count":3,"href":"https:\/\/www.orvimed.fr\/blog\/wp-json\/wp\/v2\/posts\/184\/revisions"}],"predecessor-version":[{"id":2097,"href":"https:\/\/www.orvimed.fr\/blog\/wp-json\/wp\/v2\/posts\/184\/revisions\/2097"}],"wp:featuredmedia":[{"embeddable":true,"href":"https:\/\/www.orvimed.fr\/blog\/wp-json\/wp\/v2\/media\/267"}],"wp:attachment":[{"href":"https:\/\/www.orvimed.fr\/blog\/wp-json\/wp\/v2\/media?parent=184"}],"wp:term":[{"taxonomy":"category","embeddable":true,"href":"https:\/\/www.orvimed.fr\/blog\/wp-json\/wp\/v2\/categories?post=184"},{"taxonomy":"post_tag","embeddable":true,"href":"https:\/\/www.orvimed.fr\/blog\/wp-json\/wp\/v2\/tags?post=184"}],"curies":[{"name":"wp","href":"https:\/\/api.w.org\/{rel}","templated":true}]}}