{"id":157,"date":"2023-08-21T10:28:25","date_gmt":"2023-08-21T08:28:25","guid":{"rendered":"https:\/\/dev-prestashop-0af418c1d537.prestashop.sh\/blog\/?p=157"},"modified":"2026-04-13T16:47:18","modified_gmt":"2026-04-13T14:47:18","slug":"les-dangers-de-la-chute-chez-les-personnes-agees","status":"publish","type":"post","link":"https:\/\/www.orvimed.fr\/blog\/les-dangers-de-la-chute-chez-les-personnes-agees\/","title":{"rendered":"Les dangers de la chute chez les personnes \u00e2g\u00e9es"},"content":{"rendered":"\n<p>Chez les&nbsp;personnes \u00e2g\u00e9es,&nbsp;le risque de chute&nbsp;accroit avec l\u2019\u00e2ge. La chute est, malheureusement, une cause de d\u00e9c\u00e8s chez&nbsp;les personnes \u00e2g\u00e9es.<\/p>\n\n\n\n<p>Parmi les nombreux dangers qui existent pour les personnes \u00e2g\u00e9es,&nbsp;la chute&nbsp;en repr\u00e9sente une grande partie.&nbsp;<\/p>\n\n\n\n<p>Ce ph\u00e9nom\u00e8ne s\u2019explique, bien \u00e9videmment, par le&nbsp;changement de morphologie&nbsp;des personne \u00e2g\u00e9es, ce qui provoque&nbsp;la perte du&nbsp;contr\u00f4le de son corps.<\/p>\n\n\n\n<p>Diminution de la vue, diminution de la capacit\u00e9 sensorielle, diminution de la coordination, tout ces facteurs sont propices \u00e0 une chute chez la personne ag\u00e9e.<\/p>\n\n\n\n<p>Les cons\u00e9quences directes<strong><\/strong><\/p>\n\n\n\n<p>Malheureusement, la&nbsp;chute&nbsp;marque le debut&nbsp;d\u2019une certaine d\u00e9pendance chez les personnes \u00e2g\u00e9es.<\/p>\n\n\n\n<p>Suite \u00e0 une chute, la plupart des personnes \u00e2g\u00e9es ont besoin&nbsp;d\u2019assistance&nbsp;et cela marque le d\u00e9but de la pr\u00e9sence indispensable d\u2019un&nbsp;aidant&nbsp;ou d\u2019une&nbsp;auxiliaire de vie.<\/p>\n\n\n\n<p>Cela peut \u00e9galement entrainer des&nbsp;probl\u00e8mes physiques et psychologiques.&nbsp;<\/p>\n\n\n\n<p>La perte de confiance&nbsp;en soi est aussi un probl\u00e8me post-chute. En effet, la peur de re-chuter occupe&nbsp;l&rsquo;esprit de la personne ag\u00e9e,&nbsp;car la rechute pourrait laisser de lourdes s\u00e9quelles sur celle-ci\u2026<\/p>\n\n\n\n<p>Les gestes \u00e0 adopter<strong><\/strong><\/p>\n\n\n\n<p>Il peut para\u00eetre difficile d\u2019adopter les bons gestes face \u00e0 ces troubles. En effet,&nbsp;difficile de pr\u00e9voir une chute\u2026<\/p>\n\n\n\n<p>Il existe, cependant, des solutions ad\u00e9quates. C\u2019est aux proches (famille, infirmiers, amis etc.) de prendre des d\u00e9cisions concernant cela.<\/p>\n\n\n\n<p>La premi\u00e8re solution serait de se munir d\u2019un&nbsp;<a href=\"https:\/\/www.orvimed.fr\/32-deambulateur-et-rollator\">rollator<\/a>, qui permet une aide aux d\u00e9placements.<\/p>\n\n\n\n<p>Si la personne est touch\u00e9&nbsp;d\u2019incontinence, la munir d\u2019un&nbsp;<a href=\"https:\/\/www.orvimed.fr\/12-change-complet\">change&nbsp;complet<\/a>&nbsp;ou d\u2019<a href=\"https:\/\/www.orvimed.fr\/13-couche-adulte\">une couche adulte<\/a>, afin de l\u2019\u00e9viter de courrir jusqu\u2019aux toilettes et de&nbsp;risquer de chuter..<\/p>\n\n\n\n<p>Eviter le plus possible de placer des tapis, que ce soit dans la salle de bain ou les toilettes.<\/p>\n\n\n\n<p>Si il existe un escalier dans la maison de la personne ag\u00e9e, il est pr\u00e9f\u00e9rable d&rsquo;installer un \u00e9quipement sp\u00e9cialis\u00e9.<\/p>\n\n\n\n<p>Le but est de minimiser les risques et de prendre le plus de mesures possibles afin d&rsquo;\u00e9viter les chutes.<\/p>\n\n\n\n<p>Pr\u00e9voir, pr\u00e9voir, pr\u00e9voir\u2026 Mieux vaut pr\u00e9venir que gu\u00e9rir comme on dit.<\/p>\n\n\n\n<p>Commandez votre mat\u00e9riel de maintien \u00e0 domicile sur <a href=\"https:\/\/www.orvimed.fr\/\" target=\"_blank\" rel=\"noreferrer noopener\">Orvimed.fr<\/a> et recevez-le chez vous directement. Cliquez ici \ud83d\udc49 <a href=\"https:\/\/www.orvimed.fr\/\" target=\"_blank\" rel=\"noreferrer noopener\">Orvimed.fr<\/a> pour vous rendre sur notre site.&nbsp;<\/p>\n","protected":false},"excerpt":{"rendered":"<p>Chez les&nbsp;personnes \u00e2g\u00e9es,&nbsp;le risque de chute&nbsp;accroit avec l\u2019\u00e2ge. La chute est, malheureusement, une cause de d\u00e9c\u00e8s chez&nbsp;les personnes \u00e2g\u00e9es. Parmi les nombreux dangers qui existent pour les personnes \u00e2g\u00e9es,&nbsp;la chute&nbsp;en repr\u00e9sente une grande partie.&nbsp; Ce ph\u00e9nom\u00e8ne s\u2019explique, bien \u00e9videmment, par le&nbsp;changement de morphologie&nbsp;des personne \u00e2g\u00e9es, ce qui provoque&nbsp;la perte du&nbsp;contr\u00f4le de son corps. Diminution de &hellip;<\/p>\n<p class=\"read-more\"> <a class=\"\" href=\"https:\/\/www.orvimed.fr\/blog\/les-dangers-de-la-chute-chez-les-personnes-agees\/\"> <span class=\"screen-reader-text\">Les dangers de la chute chez les personnes \u00e2g\u00e9es<\/span> Read More &raquo;<\/a><\/p>\n","protected":false},"author":2,"featured_media":255,"comment_status":"closed","ping_status":"closed","sticky":false,"template":"","format":"standard","meta":{"site-sidebar-layout":"default","site-content-layout":"default","ast-global-header-display":"","ast-banner-title-visibility":"","ast-main-header-display":"","ast-hfb-above-header-display":"","ast-hfb-below-header-display":"","ast-hfb-mobile-header-display":"","site-post-title":"","ast-breadcrumbs-content":"","ast-featured-img":"","footer-sml-layout":"","theme-transparent-header-meta":"","adv-header-id-meta":"","stick-header-meta":"","header-above-stick-meta":"","header-main-stick-meta":"","header-below-stick-meta":""},"categories":[8],"tags":[],"_links":{"self":[{"href":"https:\/\/www.orvimed.fr\/blog\/wp-json\/wp\/v2\/posts\/157"}],"collection":[{"href":"https:\/\/www.orvimed.fr\/blog\/wp-json\/wp\/v2\/posts"}],"about":[{"href":"https:\/\/www.orvimed.fr\/blog\/wp-json\/wp\/v2\/types\/post"}],"author":[{"embeddable":true,"href":"https:\/\/www.orvimed.fr\/blog\/wp-json\/wp\/v2\/users\/2"}],"replies":[{"embeddable":true,"href":"https:\/\/www.orvimed.fr\/blog\/wp-json\/wp\/v2\/comments?post=157"}],"version-history":[{"count":6,"href":"https:\/\/www.orvimed.fr\/blog\/wp-json\/wp\/v2\/posts\/157\/revisions"}],"predecessor-version":[{"id":2098,"href":"https:\/\/www.orvimed.fr\/blog\/wp-json\/wp\/v2\/posts\/157\/revisions\/2098"}],"wp:featuredmedia":[{"embeddable":true,"href":"https:\/\/www.orvimed.fr\/blog\/wp-json\/wp\/v2\/media\/255"}],"wp:attachment":[{"href":"https:\/\/www.orvimed.fr\/blog\/wp-json\/wp\/v2\/media?parent=157"}],"wp:term":[{"taxonomy":"category","embeddable":true,"href":"https:\/\/www.orvimed.fr\/blog\/wp-json\/wp\/v2\/categories?post=157"},{"taxonomy":"post_tag","embeddable":true,"href":"https:\/\/www.orvimed.fr\/blog\/wp-json\/wp\/v2\/tags?post=157"}],"curies":[{"name":"wp","href":"https:\/\/api.w.org\/{rel}","templated":true}]}}