{"id":149,"date":"2023-08-21T10:27:31","date_gmt":"2023-08-21T08:27:31","guid":{"rendered":"https:\/\/dev-prestashop-0af418c1d537.prestashop.sh\/blog\/?p=149"},"modified":"2026-04-13T16:26:00","modified_gmt":"2026-04-13T14:26:00","slug":"lalimentation-chez-les-personnes-agees","status":"publish","type":"post","link":"https:\/\/www.orvimed.fr\/blog\/lalimentation-chez-les-personnes-agees\/","title":{"rendered":"L\u2019alimentation chez les personnes \u00e2g\u00e9es"},"content":{"rendered":"\n<p>Sur le plan nutritionnel,&nbsp;l&rsquo;alimentation de la personne ag\u00e9e&nbsp;n\u00e9cessite quelques adaptations.<\/p>\n\n\n\n<p>Il faut prendre en compte les changements m\u00e9taboliques li\u00e9s \u00e0 l\u2019\u00e2ge :<\/p>\n\n\n\n<p>&#8211; besoin d\u2019hydratation<\/p>\n\n\n\n<p>&#8211; augmentation des prot\u00e9ines (\u00e9viter la d\u00e9nutrition) et de certains min\u00e9raux comme le fer et le calcium.<\/p>\n\n\n\n<p>&#8211; La diminution du go\u00fbt et de l\u2019odorat&nbsp;chez les&nbsp;s\u00e9niors&nbsp;est souvent \u00e0 l&rsquo;origine de ces probl\u00e9matiques, de m\u00eame que la perte de sensation de soif.&nbsp;<\/p>\n\n\n\n<p>Lors d\u2019une maladie ou suite \u00e0 une hospitalisation, les besoins \u00e9nerg\u00e9tiques peuvent augmenter naturellement :<\/p>\n\n\n\n<p>&#8211; pertes hydriques li\u00e9e&nbsp;\u00e0 la sudation, aux vomissements &#8230;<\/p>\n\n\n\n<p>&#8211; besoin de renouvellement tissulaire ou prot\u00e9ique&nbsp;\u2026<\/p>\n\n\n\n<p>Un des enjeux majeurs,&nbsp;pour palier&nbsp;aux difficult\u00e9s alimentaires d&rsquo;une personne ag\u00e9e,&nbsp;reste la notion de&nbsp;plaisir.<\/p>\n\n\n\n<p>On peut par exemple proposer une alimentation \u00ab&nbsp;r\u00e9gressive&nbsp;\u00bb pour compenser les diff\u00e9rences de perception sensorielle.<\/p>\n\n\n\n<p>Ces plats sont souvent li\u00e9s aux souvenirs d\u2019enfance de chacun\u2026 Ainsi les repas sont v\u00e9cus un peu plus comme un moment convivial et non comme&nbsp;l&rsquo;alimentation \u00ab&nbsp;m\u00e9dication&nbsp;\u00bb&nbsp;ne servant qu&rsquo;\u00e0 maintenir un bon \u00e9tat de sant\u00e9 chez les personnes ag\u00e9es.<\/p>\n","protected":false},"excerpt":{"rendered":"<p>Sur le plan nutritionnel,&nbsp;l&rsquo;alimentation de la personne ag\u00e9e&nbsp;n\u00e9cessite quelques adaptations. Il faut prendre en compte les changements m\u00e9taboliques li\u00e9s \u00e0 l\u2019\u00e2ge : &#8211; besoin d\u2019hydratation &#8211; augmentation des prot\u00e9ines (\u00e9viter la d\u00e9nutrition) et de certains min\u00e9raux comme le fer et le calcium. &#8211; La diminution du go\u00fbt et de l\u2019odorat&nbsp;chez les&nbsp;s\u00e9niors&nbsp;est souvent \u00e0 l&rsquo;origine de &hellip;<\/p>\n<p class=\"read-more\"> <a class=\"\" href=\"https:\/\/www.orvimed.fr\/blog\/lalimentation-chez-les-personnes-agees\/\"> <span class=\"screen-reader-text\">L\u2019alimentation chez les personnes \u00e2g\u00e9es<\/span> Read More &raquo;<\/a><\/p>\n","protected":false},"author":2,"featured_media":252,"comment_status":"closed","ping_status":"closed","sticky":false,"template":"","format":"standard","meta":{"site-sidebar-layout":"default","site-content-layout":"default","ast-global-header-display":"","ast-banner-title-visibility":"","ast-main-header-display":"","ast-hfb-above-header-display":"","ast-hfb-below-header-display":"","ast-hfb-mobile-header-display":"","site-post-title":"","ast-breadcrumbs-content":"","ast-featured-img":"","footer-sml-layout":"","theme-transparent-header-meta":"","adv-header-id-meta":"","stick-header-meta":"","header-above-stick-meta":"","header-main-stick-meta":"","header-below-stick-meta":""},"categories":[8],"tags":[],"_links":{"self":[{"href":"https:\/\/www.orvimed.fr\/blog\/wp-json\/wp\/v2\/posts\/149"}],"collection":[{"href":"https:\/\/www.orvimed.fr\/blog\/wp-json\/wp\/v2\/posts"}],"about":[{"href":"https:\/\/www.orvimed.fr\/blog\/wp-json\/wp\/v2\/types\/post"}],"author":[{"embeddable":true,"href":"https:\/\/www.orvimed.fr\/blog\/wp-json\/wp\/v2\/users\/2"}],"replies":[{"embeddable":true,"href":"https:\/\/www.orvimed.fr\/blog\/wp-json\/wp\/v2\/comments?post=149"}],"version-history":[{"count":2,"href":"https:\/\/www.orvimed.fr\/blog\/wp-json\/wp\/v2\/posts\/149\/revisions"}],"predecessor-version":[{"id":209,"href":"https:\/\/www.orvimed.fr\/blog\/wp-json\/wp\/v2\/posts\/149\/revisions\/209"}],"wp:featuredmedia":[{"embeddable":true,"href":"https:\/\/www.orvimed.fr\/blog\/wp-json\/wp\/v2\/media\/252"}],"wp:attachment":[{"href":"https:\/\/www.orvimed.fr\/blog\/wp-json\/wp\/v2\/media?parent=149"}],"wp:term":[{"taxonomy":"category","embeddable":true,"href":"https:\/\/www.orvimed.fr\/blog\/wp-json\/wp\/v2\/categories?post=149"},{"taxonomy":"post_tag","embeddable":true,"href":"https:\/\/www.orvimed.fr\/blog\/wp-json\/wp\/v2\/tags?post=149"}],"curies":[{"name":"wp","href":"https:\/\/api.w.org\/{rel}","templated":true}]}}