{"id":1040,"date":"2025-12-04T17:30:10","date_gmt":"2025-12-04T16:30:10","guid":{"rendered":"https:\/\/www.orvimed.fr\/blog\/?p=1040"},"modified":"2026-03-11T10:07:49","modified_gmt":"2026-03-11T09:07:49","slug":"guide-fauteuil-roulant-ile-de-france","status":"publish","type":"post","link":"https:\/\/www.orvimed.fr\/blog\/guide-fauteuil-roulant-ile-de-france\/","title":{"rendered":"Le Guide Ultime du Fauteuil Roulant en \u00cele-de-France (Les 8 D\u00e9partements)"},"content":{"rendered":"\n<h2 class=\"wp-block-heading\">Introduction : L&rsquo;Autonomie Absolue en R\u00e9gion Capitale<\/h2>\n\n\n\n<p>L&rsquo;\u00cele-de-France n&rsquo;est pas qu&rsquo;une r\u00e9gion ; c&rsquo;est un ensemble de huit mondes. De la densit\u00e9 des rues de <strong>Paris (75)<\/strong> aux \u00e9tendues naturelles des <strong>Yvelines (78)<\/strong>, en passant par l&rsquo;effervescence technologique de l&rsquo;<strong>Essonne (91)<\/strong>, chaque d\u00e9partement impose des d\u00e9fis de mobilit\u00e9 uniques. Le fauteuil roulant, loin d&rsquo;\u00eatre un simple dispositif m\u00e9dical, est l&rsquo;outil indispensable qui garantit votre pleine participation \u00e0 la vie Francilienne.<\/p>\n\n\n\n<p>Pour r\u00e9pondre \u00e0 ces exigences sans pr\u00e9c\u00e9dent, vous avez besoin d&rsquo;un partenaire qui ma\u00eetrise \u00e0 la fois l&rsquo;excellence technique du mat\u00e9riel et les sp\u00e9cificit\u00e9s logistiques et administratives locales.<\/p>\n\n\n\n<p>Nous sommes cet expert historique, implant\u00e9 et reconnu dans la r\u00e9gion <strong>depuis 2016<\/strong>. Ce guide ultime s&rsquo;adresse \u00e0 tous les r\u00e9sidents de l&rsquo;IDF et vous r\u00e9v\u00e8le comment, gr\u00e2ce \u00e0 la r\u00e9forme 2026, vous pouvez obtenir un fauteuil roulant de haute performance \u2013 <strong>Invacare ou K\u00fcschall<\/strong> \u2013 avec une <strong>prise en charge int\u00e9grale \u00e0 100% (Reste \u00e0 Charge Z\u00e9ro)<\/strong>, quelle que soit votre adresse dans les 8 d\u00e9partements.<\/p>\n\n\n\n<hr class=\"wp-block-separator has-alpha-channel-opacity\"\/>\n\n\n\n<h2 class=\"wp-block-heading\">I. Comprendre le 100% Rembours\u00e9 (RAC 0) en \u00cele-de-France : La R\u00e9volution de l&rsquo;Acc\u00e8s<\/h2>\n\n\n\n<p>L&rsquo;acc\u00e8s \u00e0 un fauteuil roulant de qualit\u00e9 sup\u00e9rieure \u00e9tait souvent conditionn\u00e9 par un reste \u00e0 charge financier cons\u00e9quent. La l\u00e9gislation fran\u00e7aise a corrig\u00e9 cette iniquit\u00e9 avec la mise en place du <strong>Reste \u00e0 Charge Z\u00e9ro (RAC 0)<\/strong> pour les Aides Techniques, une avanc\u00e9e majeure qui prend toute son ampleur en \u00cele-de-France.<\/p>\n\n\n\n<h3 class=\"wp-block-heading\">A. Les Fondamentaux de la R\u00e9forme 2026<\/h3>\n\n\n\n<p>La r\u00e9forme garantit que pour une liste d\u00e9finie de dispositifs m\u00e9dicaux, le patient n&rsquo;aura plus \u00e0 d\u00e9bourser d&rsquo;argent apr\u00e8s l&rsquo;intervention de l&rsquo;Assurance Maladie et de la compl\u00e9mentaire sant\u00e9.<\/p>\n\n\n\n<ul>\n<li><strong>L&rsquo;Objectif : L&rsquo;\u00c9quipement de Qualit\u00e9 pour Tous<\/strong> L&rsquo;intention est claire : \u00e9radiquer les situations o\u00f9 des fauteuils roulants inad\u00e9quats \u00e9taient choisis par contrainte budg\u00e9taire. Cela ouvre la voie \u00e0 des fauteuils plus l\u00e9gers, plus ergonomiques et plus durables, absolument n\u00e9cessaires pour l&rsquo;autonomie en milieu urbain dense comme le <strong>75, 92 ou 93<\/strong>. <\/li>\n\n\n\n<li><strong>Les Cat\u00e9gories de Fauteuils Roulants \u00c9ligibles<\/strong> Tous les types de fauteuils ne sont pas concern\u00e9s, mais les cat\u00e9gories essentielles \u00e0 l&rsquo;autonomie le sont :\n<ul>\n<li><strong>FRMT (Fauteuil Roulant Manuel de Transfert) :<\/strong> Fauteuils d&rsquo;appoint, l\u00e9gers.<\/li>\n\n\n\n<li><strong>FRM (Fauteuil Roulant Manuel) :<\/strong> Fauteuils standard modulables (ex. Invacare Action 4 NG).<\/li>\n\n\n\n<li><strong>FRMC (Fauteuil Roulant Manuel de Classe C) :<\/strong> Fauteuils actifs ou l\u00e9gers (ex. K\u00fcschall Compact), cruciaux pour les utilisateurs ayant une bonne capacit\u00e9 de propulsion et n\u00e9cessitant l&rsquo;agilit\u00e9.<\/li>\n\n\n\n<li><strong>FRMP (Fauteuil Roulant de Positionnement) :<\/strong> Fauteuils de confort ou de maintien postural. <\/li>\n<\/ul>\n<\/li>\n<\/ul>\n\n\n\n<h3 class=\"wp-block-heading\">B. Le S\u00e9same : La Prescription Qualifi\u00e9e en IDF<\/h3>\n\n\n\n<p>Le remboursement int\u00e9gral repose sur le respect strict d&rsquo;un parcours de soin qui commence par une ordonnance sp\u00e9cialis\u00e9e.<\/p>\n\n\n\n<ul>\n<li><strong>Le R\u00f4le du Prescripteur Sp\u00e9cialis\u00e9<\/strong> En \u00cele-de-France, l&rsquo;ordonnance doit \u00e9maner d&rsquo;un sp\u00e9cialiste (M\u00e9decin de M\u00e9decine Physique et de R\u00e9adaptation &#8211; MPR, G\u00e9riatre, ou Neurologue) travaillant souvent en collaboration avec les grands h\u00f4pitaux de la r\u00e9gion (Piti\u00e9-Salp\u00eatri\u00e8re, Kremlin-Bic\u00eatre, etc.). Ce sp\u00e9cialiste valide la n\u00e9cessit\u00e9 technique d&rsquo;un fauteuil de Classe C (FRMC) ou de positionnement (FRMP) pour garantir votre autonomie. <em>(<strong>\u00c0 d\u00e9velopper :<\/strong> Liste des principaux centres de prescription en IDF, la diff\u00e9rence entre une ordonnance g\u00e9n\u00e9raliste et sp\u00e9cialis\u00e9e, le r\u00f4le de la r\u00e9\u00e9ducation dans la prescription.)<\/em><\/li>\n\n\n\n<li><strong>L&rsquo;\u00c9valuation Ergoth\u00e9rapique : L&rsquo;Analyse du Milieu Francilien<\/strong> L&rsquo;intervention de l&rsquo;ergoth\u00e9rapeute est fondamentale. Son r\u00f4le est d&rsquo;\u00e9valuer l&rsquo;ad\u00e9quation du fauteuil aux contraintes sp\u00e9cifiques de votre environnement. Dans le 75, cela signifie la validation de la largeur pour les portes d&rsquo;ascenseur. Dans le 78 ou le 77, cela concerne la stabilit\u00e9 sur les sols ext\u00e9rieurs. Cette \u00e9valuation garantit que le fauteuil est <strong>justifi\u00e9 techniquement et financi\u00e8rement<\/strong>. <\/li>\n\n\n\n<li><strong>Notre Accompagnement Administratif<\/strong> Notre exp\u00e9rience <strong>depuis 2016<\/strong> dans les 8 d\u00e9partements nous donne une ma\u00eetrise totale des proc\u00e9dures. Nous vous \u00e9vitons les allers-retours administratifs avec la CPAM du 92, 93 ou 91. Nous pr\u00e9parons les devis d\u00e9taill\u00e9s, les montons au plafond de prise en charge, et assurons la coordination avec votre mutuelle pour s\u00e9curiser le <strong>financement \u00e0 100%<\/strong>.<\/li>\n<\/ul>\n\n\n\n<h2 class=\"wp-block-heading\">II. L&rsquo;Expertise Orvimed : 10 Ans de Ma\u00eetrise R\u00e9gionale (Depuis 2016)<\/h2>\n\n\n\n<p>Dans une r\u00e9gion aussi complexe et exigeante que l&rsquo;\u00cele-de-France, la long\u00e9vit\u00e9 et la connaissance du terrain sont des facteurs de r\u00e9ussite cruciaux. Notre expertise, \u00e9tablie <strong>depuis 2016<\/strong>, est votre garantie d&rsquo;un conseil pr\u00e9cis et d&rsquo;un service logistique infaillible.<\/p>\n\n\n\n<h3 class=\"wp-block-heading\">A. Une Connaissance Locale In\u00e9gal\u00e9e : Les 8 Sp\u00e9cificit\u00e9s<\/h3>\n\n\n\n<p>Notre pr\u00e9sence continue nous a permis de d\u00e9velopper une <strong>cartographie des besoins de mobilit\u00e9<\/strong> unique pour chacun des 8 d\u00e9partements. Un fauteuil parfait pour l&rsquo;agilit\u00e9 dans le 75 ne sera pas n\u00e9cessairement le plus adapt\u00e9 \u00e0 la longue distance dans le 77.<\/p>\n\n\n\n<figure class=\"wp-block-image aligncenter size-large is-resized\"><img decoding=\"async\" src=\"https:\/\/www.orvimed.fr\/blog\/wp-content\/uploads\/2025\/12\/campagne-e-mailing-66-1024x1024.png\" alt=\"\" class=\"wp-image-1046\" width=\"588\" height=\"588\" srcset=\"https:\/\/www.orvimed.fr\/blog\/wp-content\/uploads\/2025\/12\/campagne-e-mailing-66-1024x1024.png 1024w, https:\/\/www.orvimed.fr\/blog\/wp-content\/uploads\/2025\/12\/campagne-e-mailing-66-300x300.png 300w, https:\/\/www.orvimed.fr\/blog\/wp-content\/uploads\/2025\/12\/campagne-e-mailing-66-150x150.png 150w, https:\/\/www.orvimed.fr\/blog\/wp-content\/uploads\/2025\/12\/campagne-e-mailing-66-768x768.png 768w, https:\/\/www.orvimed.fr\/blog\/wp-content\/uploads\/2025\/12\/campagne-e-mailing-66.png 1080w\" sizes=\"(max-width: 588px) 100vw, 588px\" \/><\/figure>\n\n\n\n<figure class=\"wp-block-table\"><table><thead><tr><td><strong>D\u00e9partement<\/strong><\/td><td><strong>D\u00e9fi de Mobilit\u00e9 Principal<\/strong><\/td><td><strong>Mod\u00e8les Recommand\u00e9s (Exemples)<\/strong><\/td><\/tr><\/thead><tbody><tr><td><strong>Paris (75)<\/strong><\/td><td>Compacit\u00e9, M\u00e9tro, Acc\u00e8s aux b\u00e2timents anciens<\/td><td>K\u00fcschall K-Series (Ultra-l\u00e9g\u00e8ret\u00e9)<\/td><\/tr><tr><td><strong>Hauts-de-Seine (92)<\/strong><\/td><td>Design, Performance, Milieu Professionnel<\/td><td>K\u00fcschall Compact (Esth\u00e9tique\/Agilit\u00e9)<\/td><\/tr><tr><td><strong>Val-de-Marne (94)<\/strong><\/td><td>Fiabilit\u00e9, Proximit\u00e9 des services<\/td><td>Invacare Action 4 NG (Robustesse Modulaire)<\/td><\/tr><tr><td><strong>Seine-Saint-Denis (93)<\/strong><\/td><td>Robustesse, Sols Vari\u00e9s, Chantiers Urbains<\/td><td>Invacare Action 4 NG (Durabilit\u00e9)<\/td><\/tr><tr><td><strong>Yvelines (78)<\/strong><\/td><td>Longue distance, Stabilit\u00e9 en Ext\u00e9rieur<\/td><td>Invacare Action XLT (Confort)<\/td><\/tr><tr><td><strong>Essonne (91)<\/strong><\/td><td>Polyvalence, Innovation (Saclay), Grande superficie<\/td><td>K\u00fcschall Compact (L\u00e9g\u00e8ret\u00e9), Options \u00e9lectriques<\/td><\/tr><tr><td><strong>Val-d&rsquo;Oise (95)<\/strong><\/td><td>Agilit\u00e9 Urbaine\/Naturelle (Vexin)<\/td><td>K\u00fcschall Compact ou Invacare 4 NG (Mixte)<\/td><\/tr><tr><td><strong>Seine-et-Marne (77)<\/strong><\/td><td>Couverture de vastes territoires, Autonomie rurale<\/td><td>Invacare Action XLT (Grand Rayon d&rsquo;Action)<\/td><\/tr><\/tbody><\/table><\/figure>\n\n\n\n<p>Chaque <strong>fauteuil roulant en \u00cele-de-France<\/strong> doit \u00eatre choisi selon que vous circuliez sur les pav\u00e9s parisiens ou les sentiers des Yvelines.<\/p>\n\n\n\n<h3 class=\"wp-block-heading\">B. La Garantie d&rsquo;un Choix Sur-Mesure : Au-del\u00e0 du Standard<\/h3>\n\n\n\n<p>L&rsquo;exp\u00e9rience ne se limite pas \u00e0 la connaissance des rues, mais \u00e0 la ma\u00eetrise du mat\u00e9riel. Nous ne nous contentons pas de vous vendre un fauteuil ; nous vous offrons un dispositif m\u00e9dical sur mesure.<\/p>\n\n\n\n<ul>\n<li><strong>La Mensuration Millim\u00e9tr\u00e9e :<\/strong> La configuration d&rsquo;un fauteuil actif ou de positionnement se joue au millim\u00e8tre pr\u00e8s. Nos techniciens, form\u00e9s aux sp\u00e9cificit\u00e9s d&rsquo;Invacare et K\u00fcschall, garantissent que la largeur d&rsquo;assise, la profondeur, et le positionnement du centre de gravit\u00e9 sont optimis\u00e9s pour votre corps et votre capacit\u00e9 de propulsion.<\/li>\n\n\n\n<li><strong>Conseil en Options Sp\u00e9cifiques :<\/strong> Des choix de pneumatiques anti-crevaison (essentiels sur les sols urbains du 93 ou 94) aux coussins de pr\u00e9vention d&rsquo;escarres (pour un usage prolong\u00e9 dans le 77 ou 78), nous assurons que chaque accessoire contribue au 100% de votre confort et de votre s\u00e9curit\u00e9.<\/li>\n<\/ul>\n\n\n\n<hr class=\"wp-block-separator has-alpha-channel-opacity\"\/>\n\n\n\n<h2 class=\"wp-block-heading\">III. Le Processus d&rsquo;Acquisition : De l&rsquo;Ordonnance \u00e0 l&rsquo;Autonomie<\/h2>\n\n\n\n<p>Gr\u00e2ce \u00e0 notre expertise dans les Yvelines, le Val-d&rsquo;Oise et tous les autres d\u00e9partements Franciliens, le parcours pour obtenir votre fauteuil <strong>100% rembours\u00e9<\/strong> est fluide et transparent.<\/p>\n\n\n\n<h3 class=\"wp-block-heading\">\u00c9tape 1 : La Prescription Sp\u00e9cialis\u00e9e (Validation M\u00e9dicale)<\/h3>\n\n\n\n<p>Une fois l&rsquo;ordonnance obtenue (r\u00e9alis\u00e9e id\u00e9alement apr\u00e8s \u00e9valuation par un MPR ou un g\u00e9riatre), notre \u00e9quipe prend le relai.<\/p>\n\n\n\n<ul>\n<li><strong>V\u00e9rification de Conformit\u00e9 :<\/strong> Nous analysons l&rsquo;ordonnance pour nous assurer qu&rsquo;elle mentionne la bonne nomenclature (FRMC, FRMP, etc.) et qu&rsquo;elle est recevable par la CPAM de votre d\u00e9partement (75 \u00e0 95).<\/li>\n\n\n\n<li><strong>Premier Contact et Bilan :<\/strong> Nous \u00e9changeons avec vous et, si besoin, avec l&rsquo;ergoth\u00e9rapeute pour pr\u00e9ciser les options et accessoires indispensables \u00e0 votre mode de vie en IDF.<\/li>\n<\/ul>\n\n\n\n<h3 class=\"wp-block-heading\">\u00c9tape 2 : L&rsquo;Essai Gratuit et Cibl\u00e9 \u00e0 Domicile (Le Service Unique IDF)<\/h3>\n\n\n\n<p>C&rsquo;est l&rsquo;\u00e9tape la plus critique. Un fauteuil ne peut \u00eatre choisi qu&rsquo;apr\u00e8s avoir \u00e9t\u00e9 test\u00e9 dans son environnement r\u00e9el.<\/p>\n\n\n\n<ul>\n<li><strong>Livraison de Fauteuil de Pr\u00eat Partout en IDF :<\/strong> Nous venons directement chez vous \u2013 que vous soyez \u00e0 Boulogne (92), \u00e0 Corbeil (91) ou \u00e0 Versailles (78) \u2013 avec le mod\u00e8le de d\u00e9monstration correspondant \u00e0 la prescription. <strong>Ce service d&rsquo;essai est gratuit et sans engagement.<\/strong><\/li>\n\n\n\n<li><strong>Validation en Milieu R\u00e9el :<\/strong> Le test permet de v\u00e9rifier : la maniabilit\u00e9 dans votre logement, l&rsquo;acc\u00e8s \u00e0 votre v\u00e9hicule ou aux transports en commun locaux, et la performance sur les rev\u00eatements ext\u00e9rieurs que vous utilisez quotidiennement.<\/li>\n\n\n\n<li><strong>Ajustements Fonctionnels sur Place :<\/strong> Nos techniciens ajustent imm\u00e9diatement le fauteuil (hauteur du dossier, inclinaison, pression des pneus) pour optimiser la posture et minimiser la fatigue.<\/li>\n<\/ul>\n\n\n\n<h3 class=\"wp-block-heading\">\u00c9tape 3 : Le Montage du Dossier et Financement S\u00e9curis\u00e9<\/h3>\n\n\n\n<p>Une fois le mod\u00e8le valid\u00e9 lors de l&rsquo;essai, nous nous chargeons de la partie administrative pour s\u00e9curiser le <strong>100% rembours\u00e9<\/strong>.<\/p>\n\n\n\n<ul>\n<li><strong>Pr\u00e9paration du Devis RAC 0 :<\/strong> Nous \u00e9tablissons un devis conforme aux tarifs de remboursement de la S\u00e9curit\u00e9 Sociale (LPP) et aux exigences de votre mutuelle, garantissant l&rsquo;absence de reste \u00e0 charge pour les mod\u00e8les \u00e9ligibles.<\/li>\n\n\n\n<li><strong>Coordination Mutuelle\/CPAM :<\/strong> Nous envoyons les documents n\u00e9cessaires (devis, ordonnance, rapport de l&rsquo;ergoth\u00e9rapeute si requis) aux organismes payeurs du 75 au 95, acc\u00e9l\u00e9rant le d\u00e9lai de validation.<\/li>\n<\/ul>\n\n\n\n<h3 class=\"wp-block-heading\">\u00c9tape 4 : Livraison, R\u00e9glages Finaux et Garantie<\/h3>\n\n\n\n<ul>\n<li><strong>Livraison Finale et Personnalisation :<\/strong> Votre fauteuil neuf est livr\u00e9, et les derniers ajustements personnalis\u00e9s (choix de couleur, accessoires esth\u00e9tiques) sont finalis\u00e9s.<\/li>\n\n\n\n<li><strong>Formation \u00e0 l&rsquo;Utilisation :<\/strong> Nos experts vous forment \u00e0 l&rsquo;entretien de base et \u00e0 l&rsquo;utilisation optimale de votre fauteuil Invacare ou K\u00fcschall.<\/li>\n<\/ul>\n\n\n\n<h2 class=\"wp-block-heading\">IV. Le Catalogue Produit : Les Fauteuils Adapt\u00e9s \u00e0 la Vie Francilienne<\/h2>\n\n\n\n<p>Nous avons s\u00e9lectionn\u00e9 des gammes qui non seulement respectent la r\u00e9glementation du <strong>100% Rembours\u00e9<\/strong>, mais surpassent les standards en termes de performance et de durabilit\u00e9, des crit\u00e8res essentiels pour l&rsquo;usage intensif en \u00cele-de-France. Nous nous concentrons sur les leaders mondiaux : <strong>Invacare<\/strong> (pour la robustesse) et <strong>K\u00fcschall<\/strong> (pour la performance et le design).<\/p>\n\n\n\n<h3 class=\"wp-block-heading\">A. FRMT : L&rsquo;Aide au Transport (Fauteuil Roulant Manuel de Transfert)<\/h3>\n\n\n\n<p>Ces fauteuils sont l\u00e9gers et con\u00e7us pour \u00eatre facilement pouss\u00e9s et repli\u00e9s.<\/p>\n\n\n\n<ul>\n<li><strong>Mod\u00e8le Phare : Invacare Action 2 NG Transit Lite<\/strong>\n<ul>\n<li><strong>Pertinence IDF :<\/strong> Id\u00e9al pour l&rsquo;accompagnement temporaire, les visites m\u00e9dicales dans les centres hospitaliers d&rsquo;\u00cele-de-France (H\u00f4pital Foch, H\u00f4pital Henri-Mondor), ou pour les transferts rapides vers le RER ou le Transilien, quel que soit le d\u00e9partement. Leur faible encombrement est un atout pr\u00e9cieux dans les espaces confin\u00e9s.<\/li>\n\n\n\n<li><strong>\u00c9ligibilit\u00e9 :<\/strong> Souvent concern\u00e9 par le remboursement int\u00e9gral sur prescription sp\u00e9cifique.<\/li>\n\n\n\n<li><\/li>\n<\/ul>\n<\/li>\n<\/ul>\n\n\n\n<h3 class=\"wp-block-heading\">B. FRM : Le Standard Modulable (Fauteuil Roulant Manuel)<\/h3>\n\n\n\n<p>Ce sont des fauteuils polyvalents, fiables et con\u00e7us pour une utilisation quotidienne n\u00e9cessitant des ajustements pr\u00e9cis.<\/p>\n\n\n\n<ul>\n<li><strong>Mod\u00e8le Phare : Invacare Action 4 NG<\/strong>\n<ul>\n<li><strong>Pertinence IDF :<\/strong> Extr\u00eamement populaire dans la petite et la grande couronne (<strong>93, 94, 77<\/strong>) gr\u00e2ce \u00e0 sa grande modularit\u00e9 et sa capacit\u00e9 \u00e0 encaisser les chocs. Il offre une excellente base pour des r\u00e9glages pr\u00e9cis (hauteur, profondeur), s&rsquo;adaptant \u00e0 l&rsquo;\u00e9volution des besoins de l&rsquo;utilisateur. Sa robustesse est un gage de s\u00e9curit\u00e9 sur les trottoirs vari\u00e9s.<\/li>\n\n\n\n<li><strong>\u00c9ligibilit\u00e9 :<\/strong> Mod\u00e8le g\u00e9n\u00e9ralement \u00e9ligible au 100% Rembours\u00e9.<\/li>\n\n\n\n<li><\/li>\n<\/ul>\n<\/li>\n<\/ul>\n\n\n\n<h3 class=\"wp-block-heading\">C. FRMC : L&rsquo;Excellence Active (Fauteuil Roulant Manuel de Classe C)<\/h3>\n\n\n\n<p>Ces fauteuils sont synonymes de performance, l\u00e9g\u00e8ret\u00e9 et design. Ils sont destin\u00e9s aux utilisateurs actifs qui recherchent la r\u00e9activit\u00e9 maximale.<\/p>\n\n\n\n<ul>\n<li><strong>Mod\u00e8les Phares : K\u00fcschall K-Series et K\u00fcschall Compact<\/strong>\n<ul>\n<li><strong>Pertinence IDF :<\/strong> Le choix de pr\u00e9dilection \u00e0 <strong>Paris (75)<\/strong> et dans les <strong>Hauts-de-Seine (92)<\/strong>. Leur ch\u00e2ssis ultra-l\u00e9ger minimise l&rsquo;effort de propulsion, ce qui est crucial pour les utilisateurs actifs et les longues journ\u00e9es de travail ou de loisirs. Leur design \u00e9pur\u00e9 est \u00e9galement un facteur d&rsquo;int\u00e9gration sociale et professionnelle fort en r\u00e9gion capitale.<\/li>\n\n\n\n<li><strong>Invacare Action 4 NG XLT :<\/strong> Offre l&rsquo;avantage d&rsquo;une base plus large pour une stabilit\u00e9 et un confort accrus, recherch\u00e9s dans les vastes territoires des <strong>Yvelines (78)<\/strong> et de la <strong>Seine-et-Marne (77)<\/strong>.<\/li>\n\n\n\n<li><strong>\u00c9ligibilit\u00e9 :<\/strong> Ces mod\u00e8les haut de gamme sont concern\u00e9s par le RAC 0, sous r\u00e9serve d&rsquo;une prescription sp\u00e9cialis\u00e9e justifiant la performance active.<\/li>\n\n\n\n<li><\/li>\n<\/ul>\n<\/li>\n<\/ul>\n\n\n\n<h3 class=\"wp-block-heading\">D. FRMP : Le Confort Postural (Fauteuil Roulant de Positionnement)<\/h3>\n\n\n\n<p>Ces fauteuils sont con\u00e7us pour les utilisateurs n\u00e9cessitant un soutien postural important et un changement de position r\u00e9gulier pour pr\u00e9venir la fatigue et les risques d&rsquo;escarres.<\/p>\n\n\n\n<ul>\n<li><strong>Mod\u00e8les Phares : Invacare Clematis Pro &amp; Clematis Pro E-Tilt<\/strong>\n<ul>\n<li><strong>Pertinence IDF :<\/strong> Essentiels pour le maintien \u00e0 domicile ou en \u00e9tablissement sp\u00e9cialis\u00e9 dans tous les d\u00e9partements. Ils garantissent un confort et une s\u00e9curit\u00e9 maximale en permettant une <strong>bascule d&rsquo;assise<\/strong> et une <strong>inclinaison du dossier<\/strong>. La version E-Tilt (\u00e9lectrique) r\u00e9pond au besoin d&rsquo;autonomie dans le positionnement.<\/li>\n\n\n\n<li><strong>\u00c9ligibilit\u00e9 :<\/strong> Ces fauteuils de confort sont int\u00e9gralement rembours\u00e9s sur prescription m\u00e9dicale justifiant le besoin de maintien postural.<\/li>\n\n\n\n<li><\/li>\n<\/ul>\n<\/li>\n<\/ul>\n\n\n\n<hr class=\"wp-block-separator has-alpha-channel-opacity\"\/>\n\n\n\n<h2 class=\"wp-block-heading\">V. Focus R\u00e9gional : Les 8 D\u00e9partements au Crible de Notre Expertise 2016<\/h2>\n\n\n\n<p>Notre connaissance <strong>depuis 2016<\/strong> se traduit par un conseil adapt\u00e9 \u00e0 la r\u00e9alit\u00e9 de votre commune, de Versailles \u00e0 Saint-Denis. Nous consolidons ici les contraintes de chaque d\u00e9partement.<\/p>\n\n\n\n<h2 class=\"wp-block-heading\">A. Le C\u0153ur D\u2019\u00cele-de-France (75, 92, 93, 94)<\/h2>\n\n\n\n<h4 class=\"wp-block-heading\">1. Paris (75) : L&rsquo;Imp\u00e9ratif de la Compacit\u00e9 et de l&rsquo;Agilit\u00e9<\/h4>\n\n\n\n<ul>\n<li><strong>Contraintes :<\/strong> Espaces r\u00e9duits, trottoirs \u00e9troits, acc\u00e8s aux transports publics (m\u00e9tro, bus), et besoin de l\u00e9g\u00e8ret\u00e9 pour le portage ou le chargement.<\/li>\n\n\n\n<li><strong>Notre Conseil :<\/strong> Privil\u00e9gier les <strong>FRMC \u00e0 ch\u00e2ssis fixe<\/strong> (l\u00e9ger, rigide) ou <strong>pliable avec d\u00e9montage rapide<\/strong> (Invacare ou K\u00fcschall). L&rsquo;agilit\u00e9 est la cl\u00e9 pour \u00e9viter les obstacles.<\/li>\n<\/ul>\n\n\n\n<h4 class=\"wp-block-heading\">2. Hauts-de-Seine (92) : Design, Performance et Professionnalisme<\/h4>\n\n\n\n<ul>\n<li><strong>Contraintes :<\/strong> Exigence esth\u00e9tique, besoin de performance pour l&rsquo;int\u00e9gration professionnelle (La D\u00e9fense), et vitesse de d\u00e9placement.<\/li>\n\n\n\n<li><strong>Notre Conseil :<\/strong> Choisir des <strong>FRMC K\u00fcschall<\/strong> pour l&rsquo;esth\u00e9tique et la maniabilit\u00e9. Des options comme les roues de haute qualit\u00e9 (Schwalbe) sont essentielles pour le rendement sur de longues distances sur dalles lisses.<\/li>\n<\/ul>\n\n\n\n<h4 class=\"wp-block-heading\">3. Seine-Saint-Denis (93) : Robustesse et R\u00e9silience Urbaine<\/h4>\n\n\n\n<ul>\n<li><strong>Contraintes :<\/strong> Sols vari\u00e9s, chantiers, n\u00e9cessit\u00e9 d&rsquo;un \u00e9quipement qui r\u00e9siste \u00e0 l&rsquo;usure pr\u00e9matur\u00e9e.<\/li>\n\n\n\n<li><strong>Notre Conseil :<\/strong> Opter pour des <strong>FRM Invacare Action 4 NG<\/strong> avec des pneus pleins ou un excellent renforcement anti-crevaison. La fiabilit\u00e9 m\u00e9canique prime pour garantir l&rsquo;autonomie dans cet environnement dynamique<\/li>\n<\/ul>\n\n\n\n<h4 class=\"wp-block-heading\">4. Val-de-Marne (94) : Proximit\u00e9 et Acc\u00e8s aux Soins<\/h4>\n\n\n\n<ul>\n<li><strong>Contraintes :<\/strong> Acc\u00e8s aux nombreux centres de r\u00e9\u00e9ducation, forte densit\u00e9, n\u00e9cessit\u00e9 de pliage facile.<\/li>\n\n\n\n<li><strong>Notre Conseil :<\/strong> Recommander des mod\u00e8les polyvalents (Invacare Action 4) combinant robustesse et facilit\u00e9 de manipulation pour les transferts fr\u00e9quents vers les h\u00f4pitaux ou cliniques du d\u00e9partement.<\/li>\n\n\n\n<li><\/li>\n<\/ul>\n\n\n\n<h3 class=\"wp-block-heading\">B. La Grande Couronne (77, 78, 91, 95)<\/h3>\n\n\n\n<h4 class=\"wp-block-heading\">5. Yvelines (78) : Confort et Grandes Distances<\/h4>\n\n\n\n<ul>\n<li><strong>Contraintes :<\/strong> Territoire vaste, besoin de stabilit\u00e9 sur chemins et pav\u00e9s (Versailles), et n\u00e9cessit\u00e9 de charger\/d\u00e9charger fr\u00e9quemment le fauteuil.<\/li>\n\n\n\n<li><strong>Notre Conseil :<\/strong> Privil\u00e9gier le <strong>confort postural (FRMP)<\/strong> ou l&rsquo;<strong>Invacare Action XLT<\/strong> pour les longues p\u00e9riodes d&rsquo;assise et la stabilit\u00e9 accrue. La l\u00e9g\u00e8ret\u00e9 pour le chargement en voiture est vitale.<\/li>\n\n\n\n<li><\/li>\n<\/ul>\n\n\n\n<h4 class=\"wp-block-heading\">6. Essonne (91) : Innovation et Polyvalence<\/h4>\n\n\n\n<ul>\n<li><strong>Contraintes :<\/strong> Espaces modernes (Plateau de Saclay) et zones semi-rurales. Besoin de solutions l\u00e9g\u00e8res et technologiquement compatibles.<\/li>\n\n\n\n<li><strong>Notre Conseil :<\/strong> Mod\u00e8les <strong>FRMC l\u00e9gers (K\u00fcschall)<\/strong> pour l&rsquo;agilit\u00e9 sur les campus. Possibilit\u00e9 d&rsquo;int\u00e9grer des <strong>assistances \u00e0 la motorisation<\/strong> pour les longues distances sans sacrifier la l\u00e9g\u00e8ret\u00e9 manuelle.<\/li>\n\n\n\n<li><\/li>\n<\/ul>\n\n\n\n<h4 class=\"wp-block-heading\">7. Val-d&rsquo;Oise (95) : Agilit\u00e9 Mixte Urbain\/Nature<\/h4>\n\n\n\n<ul>\n<li><strong>Contraintes :<\/strong> Passer de la densit\u00e9 d&rsquo;Argenteuil aux parcs du Vexin. Le fauteuil doit \u00eatre agile mais tout-terrain l\u00e9ger.<\/li>\n\n\n\n<li><strong>Notre Conseil :<\/strong> \u00c9quilibre entre un <strong>Invacare Action 4 NG<\/strong> (pour sa polyvalence sur chemins l\u00e9gers) et un <strong>K\u00fcschall Compact<\/strong> (pour l&rsquo;agilit\u00e9 urbaine). R\u00e9glages des roues sp\u00e9cialis\u00e9s pour le terrain mixte.<\/li>\n\n\n\n<li><\/li>\n<\/ul>\n\n\n\n<h4 class=\"wp-block-heading\">8. Seine-et-Marne (77) : Autonomie et Couverture Territoriale<\/h4>\n\n\n\n<ul>\n<li><strong>Contraintes :<\/strong> Plus grand d\u00e9partement, besoin de grande autonomie et de stabilit\u00e9 pour l&rsquo;usage dans des zones p\u00e9riurbaines et rurales.<\/li>\n\n\n\n<li><strong>Notre Conseil :<\/strong> Les mod\u00e8les offrant une grande <strong>robustesse<\/strong> et un <strong>bon confort (Action XLT ou FRMP)<\/strong> sont \u00e0 privil\u00e9gier pour les distances parcourues. Notre service apr\u00e8s-vente doit couvrir efficacement cette vaste zone.<\/li>\n\n\n\n<li><\/li>\n<\/ul>\n\n\n\n<h2 class=\"wp-block-heading\">VI. Notre Engagement : Service, Garantie et Proximit\u00e9 en IDF<\/h2>\n\n\n\n<p>Notre expertise ne s&rsquo;arr\u00eate pas \u00e0 la vente. En \u00cele-de-France, la logistique et la r\u00e9activit\u00e9 du <strong>Service Apr\u00e8s-Vente (SAV)<\/strong> sont aussi importantes que la qualit\u00e9 du fauteuil. Notre engagement s&rsquo;\u00e9tend aux 8 d\u00e9partements pour assurer votre tranquillit\u00e9 d&rsquo;esprit.<\/p>\n\n\n\n<h3 class=\"wp-block-heading\">A. Garantie et Service Apr\u00e8s-Vente (SAV) R\u00e9gional<\/h3>\n\n\n\n<p>Un fauteuil roulant, surtout en milieu urbain, n\u00e9cessite un entretien r\u00e9gulier. Notre pr\u00e9sence \u00e9tablie <strong>depuis 2016<\/strong> nous permet d&rsquo;assurer un service rapide et fiable.<\/p>\n\n\n\n<ul>\n<li><strong>R\u00e9activit\u00e9 Logistique :<\/strong> Gr\u00e2ce \u00e0 notre organisation optimis\u00e9e, nous garantissons des d\u00e9lais d&rsquo;intervention r\u00e9duits pour l&rsquo;entretien, les r\u00e9parations sous garantie ou le remplacement de pi\u00e8ces. Que vous soyez \u00e0 Marne-la-Vall\u00e9e (<strong>77<\/strong>) ou \u00e0 Neuilly-sur-Seine (<strong>92<\/strong>), notre \u00e9quipe se d\u00e9place rapidement.<\/li>\n\n\n\n<li><strong>Contr\u00f4les Techniques et P\u00e9riodiques :<\/strong> Nous effectuons les contr\u00f4les n\u00e9cessaires pour maintenir votre fauteuil <strong>Invacare ou K\u00fcschall<\/strong> en parfait \u00e9tat, prolongeant sa dur\u00e9e de vie et assurant sa s\u00e9curit\u00e9. Ces visites sont essentielles pour maintenir l&rsquo;efficacit\u00e9 de la propulsion et de la posture.<\/li>\n\n\n\n<li><strong>Garantie Constructeur :<\/strong> Tous les fauteuils que nous proposons b\u00e9n\u00e9ficient de la garantie totale du constructeur (ch\u00e2ssis et m\u00e9canismes), vous prot\u00e9geant contre tout d\u00e9faut de fabrication.<\/li>\n<\/ul>\n\n\n\n<h3 class=\"wp-block-heading\">B. Financement et Aides Compl\u00e9mentaires : Maximiser votre Prise en Charge<\/h3>\n\n\n\n<p>Si le<a href=\"https:\/\/www.orvimed.fr\/blog\/remboursement-orvimed-securite-sociale-guide\/\" data-type=\"URL\" data-id=\"https:\/\/www.orvimed.fr\/blog\/remboursement-des-produits-orvimed-par-la-securite-sociale-ce-quil-faut-savoir\/?preview=true&amp;_thumbnail_id=522\"> <strong>100% Rembours\u00e9 <\/strong><\/a><strong>(RAC 0)<\/strong> couvre la base de votre fauteuil, des options de personnalisation avanc\u00e9es peuvent parfois exc\u00e9der ce forfait. Nous vous aidons \u00e0 mobiliser les aides compl\u00e9mentaires.<\/p>\n\n\n\n<ul>\n<li><strong>La Prestation de Compensation du Handicap (PCH) :<\/strong> Nous vous conseillons sur la constitution de votre dossier aupr\u00e8s de votre Maison D\u00e9partementale des Personnes Handicap\u00e9es (MDPH) respective (<strong>MDPH 75, 78, 91, 95<\/strong>, etc.). La PCH peut financer des accessoires de confort ou d&rsquo;aide \u00e0 la motorisation (type <strong>assistance \u00e9lectrique<\/strong>), souvent pr\u00e9cieux pour la couverture des grandes distances dans le <strong>77 ou le 78<\/strong>.<\/li>\n\n\n\n<li><strong>Conseil Personnalis\u00e9 :<\/strong> Nous vous orientons vers les solutions les moins co\u00fbteuses en optimisant les options incluses dans le forfait LPP avant de solliciter des aides ext\u00e9rieures.<\/li>\n<\/ul>\n\n\n\n<hr class=\"wp-block-separator has-alpha-channel-opacity\"\/>\n\n\n\n<h2 class=\"wp-block-heading\">Conclusion : <a href=\"https:\/\/www.orvimed.fr\/blog\/remboursement-orvimed-securite-sociale-guide\/\" data-type=\"URL\" data-id=\"https:\/\/www.orvimed.fr\/blog\/remboursement-des-produits-orvimed-par-la-securite-sociale-ce-quil-faut-savoir\/?preview=true&amp;_thumbnail_id=522\">Votre Expert 100% Rembours\u00e9<\/a> en IDF<\/h2>\n\n\n\n<p>Cet article pilier confirme notre engagement : offrir la meilleure solution de mobilit\u00e9 \u00e0 chaque r\u00e9sident d&rsquo;\u00cele-de-France. L&rsquo;arriv\u00e9e du <strong><a href=\"https:\/\/www.orvimed.fr\/blog\/remboursement-orvimed-securite-sociale-guide\/\" data-type=\"URL\" data-id=\"https:\/\/www.orvimed.fr\/blog\/remboursement-des-produits-orvimed-par-la-securite-sociale-ce-quil-faut-savoir\/?preview=true&amp;_thumbnail_id=522\">100% Rembours\u00e9<\/a><\/strong> est une opportunit\u00e9 historique d&rsquo;acc\u00e9der aux fauteuils de performance <strong>Invacare et K\u00fcschall<\/strong> sans compromis financier.<\/p>\n\n\n\n<p>Notre expertise cumul\u00e9e <strong>depuis 2016<\/strong> dans les <strong>8 d\u00e9partements<\/strong> (du 75 au 95) est la garantie que votre fauteuil sera parfaitement adapt\u00e9 \u00e0 votre environnement sp\u00e9cifique : qu&rsquo;il s&rsquo;agisse des pav\u00e9s parisiens, des pistes du Vexin ou des infrastructures de La D\u00e9fense.<\/p>\n\n\n\n<p>Ne faites aucun compromis sur votre autonomie. Faites confiance \u00e0 l&rsquo;exp\u00e9rience.<\/p>\n\n\n\n<p>Pour consulter la liste officielle des dispositifs m\u00e9dicaux \u00e9ligibles \u00e0 la r\u00e9forme du Reste \u00e0 Charge Z\u00e9ro, vous pouvez vous rendre sur le portail du <strong><a href=\"https:\/\/sante.gouv.fr\/\" target=\"_blank\" rel=\"noreferrer noopener nofollow\">Minist\u00e8re de la Sant\u00e9 et de la Pr\u00e9vention<\/a><\/strong>.<\/p>\n\n\n\n<h3 class=\"wp-block-heading\">\ud83d\udcde Contactez Nos Experts pour un Essai Gratuit et S\u00e9curis\u00e9 en \u00cele-de-France<\/h3>\n\n\n\n<p>Pour planifier la livraison gratuite de votre fauteuil de pr\u00eat \u00e0 votre domicile, obtenir un devis <strong>100% Rembours\u00e9<\/strong> ou poser vos questions sur la prescription sp\u00e9cialis\u00e9e :<\/p>\n\n\n\n<ul>\n<li><strong>Par T\u00e9l\u00e9phone :<\/strong> <strong>01 53 66 18 12<\/strong><\/li>\n\n\n\n<li><strong>Par Email :<\/strong> <strong>contact@orvimed.f<\/strong>R<\/li>\n\n\n\n<li><strong>Via notre Formulaire :<\/strong> <strong><a target=\"_blank\" rel=\"noreferrer noopener\" href=\"https:\/\/www.orvimed.fr\/nous-contacter\">https:\/\/www.orvimed.fr\/nous-contacter<\/a><\/strong><\/li>\n<\/ul>\n\n\n\n<p><strong>Contactez-nous aujourd&rsquo;hui pour configurer votre fauteuil sur mesure et retrouver une autonomie totale en \u00cele-de-France.<\/strong><\/p>\n\n\n\n<figure class=\"wp-block-embed is-type-video is-provider-youtube wp-block-embed-youtube wp-embed-aspect-16-9 wp-has-aspect-ratio\"><div class=\"wp-block-embed__wrapper\">\n<div class=\"ast-oembed-container\" style=\"height: 100%;\"><iframe title=\"Remboursement Fauteuil Roulant 2026 : Ce que change la R\u00e9forme en \u00cele-de-France (Prise en Charge)\" width=\"500\" height=\"281\" src=\"https:\/\/www.youtube.com\/embed\/P8Z9T4sGGx0?feature=oembed\" frameborder=\"0\" allow=\"accelerometer; autoplay; clipboard-write; encrypted-media; gyroscope; picture-in-picture; web-share\" referrerpolicy=\"strict-origin-when-cross-origin\" allowfullscreen><\/iframe><\/div>\n<\/div><\/figure>\n\n\n\n<p><\/p>\n","protected":false},"excerpt":{"rendered":"<p>Introduction : L&rsquo;Autonomie Absolue en R\u00e9gion Capitale L&rsquo;\u00cele-de-France n&rsquo;est pas qu&rsquo;une r\u00e9gion ; c&rsquo;est un ensemble de huit mondes. De la densit\u00e9 des rues de Paris (75) aux \u00e9tendues naturelles des Yvelines (78), en passant par l&rsquo;effervescence technologique de l&rsquo;Essonne (91), chaque d\u00e9partement impose des d\u00e9fis de mobilit\u00e9 uniques. Le fauteuil roulant, loin d&rsquo;\u00eatre un &hellip;<\/p>\n<p class=\"read-more\"> <a class=\"\" href=\"https:\/\/www.orvimed.fr\/blog\/guide-fauteuil-roulant-ile-de-france\/\"> <span class=\"screen-reader-text\">Le Guide Ultime du Fauteuil Roulant en \u00cele-de-France (Les 8 D\u00e9partements)<\/span> Read More &raquo;<\/a><\/p>\n","protected":false},"author":2,"featured_media":1041,"comment_status":"closed","ping_status":"closed","sticky":false,"template":"","format":"standard","meta":{"site-sidebar-layout":"default","site-content-layout":"default","ast-global-header-display":"","ast-banner-title-visibility":"","ast-main-header-display":"","ast-hfb-above-header-display":"","ast-hfb-below-header-display":"","ast-hfb-mobile-header-display":"","site-post-title":"","ast-breadcrumbs-content":"","ast-featured-img":"","footer-sml-layout":"","theme-transparent-header-meta":"","adv-header-id-meta":"","stick-header-meta":"","header-above-stick-meta":"","header-main-stick-meta":"","header-below-stick-meta":""},"categories":[303,9],"tags":[321,364,367,363,368,366,369,365],"_links":{"self":[{"href":"https:\/\/www.orvimed.fr\/blog\/wp-json\/wp\/v2\/posts\/1040"}],"collection":[{"href":"https:\/\/www.orvimed.fr\/blog\/wp-json\/wp\/v2\/posts"}],"about":[{"href":"https:\/\/www.orvimed.fr\/blog\/wp-json\/wp\/v2\/types\/post"}],"author":[{"embeddable":true,"href":"https:\/\/www.orvimed.fr\/blog\/wp-json\/wp\/v2\/users\/2"}],"replies":[{"embeddable":true,"href":"https:\/\/www.orvimed.fr\/blog\/wp-json\/wp\/v2\/comments?post=1040"}],"version-history":[{"count":8,"href":"https:\/\/www.orvimed.fr\/blog\/wp-json\/wp\/v2\/posts\/1040\/revisions"}],"predecessor-version":[{"id":1771,"href":"https:\/\/www.orvimed.fr\/blog\/wp-json\/wp\/v2\/posts\/1040\/revisions\/1771"}],"wp:featuredmedia":[{"embeddable":true,"href":"https:\/\/www.orvimed.fr\/blog\/wp-json\/wp\/v2\/media\/1041"}],"wp:attachment":[{"href":"https:\/\/www.orvimed.fr\/blog\/wp-json\/wp\/v2\/media?parent=1040"}],"wp:term":[{"taxonomy":"category","embeddable":true,"href":"https:\/\/www.orvimed.fr\/blog\/wp-json\/wp\/v2\/categories?post=1040"},{"taxonomy":"post_tag","embeddable":true,"href":"https:\/\/www.orvimed.fr\/blog\/wp-json\/wp\/v2\/tags?post=1040"}],"curies":[{"name":"wp","href":"https:\/\/api.w.org\/{rel}","templated":true}]}}