{"id":1034,"date":"2025-12-04T16:58:22","date_gmt":"2025-12-04T15:58:22","guid":{"rendered":"https:\/\/www.orvimed.fr\/blog\/?p=1034"},"modified":"2025-12-10T14:58:57","modified_gmt":"2025-12-10T13:58:57","slug":"guide-achat-fauteuil-roulant-essonne-91-innovation-polyvalence-et-100-rembourse","status":"publish","type":"post","link":"https:\/\/www.orvimed.fr\/blog\/guide-achat-fauteuil-roulant-essonne-91-innovation-polyvalence-et-100-rembourse\/","title":{"rendered":"Guide Achat Fauteuil Roulant Essonne (91) : Innovation, Polyvalence et 100% Rembours\u00e9"},"content":{"rendered":"\n<p>L&rsquo;Essonne est un d\u00e9partement o\u00f9 modernit\u00e9 et nature se rencontrent. Pour votre autonomie, votre fauteuil roulant doit \u00eatre techniquement avanc\u00e9, garantissant <strong>agilit\u00e9<\/strong> dans les centres urbains (\u00c9vry-Courcouronnes) et <strong>stabilit\u00e9<\/strong> sur les terrains plus vari\u00e9s.<\/p>\n\n\n\n<p>Notre expertise reconnue <strong>depuis 2016<\/strong> dans le domaine des fauteuils roulants vous guide pour b\u00e9n\u00e9ficier de la prise en charge \u00e0 <strong>100%<\/strong> de votre \u00e9quipement Invacare ou K\u00fcschall. Un essai gratuit et personnalis\u00e9 dans le 91 est la cl\u00e9 pour valider le mod\u00e8le parfait.<\/p>\n\n\n\n<hr class=\"wp-block-separator has-alpha-channel-opacity\"\/>\n\n\n\n<h2 class=\"wp-block-heading\">I. Notre Expertise 2016 : Partenaire de l&rsquo;Autonomie en Essonne<\/h2>\n\n\n\n<p>Notre pr\u00e9sence et notre exp\u00e9rience <strong>depuis 2016<\/strong> nous permettent de comprendre les dynamiques sp\u00e9cifiques de l&rsquo;Essonne, un territoire en constante \u00e9volution.<\/p>\n\n\n\n<h3 class=\"wp-block-heading\">L&rsquo;Adaptation aux Nouveaux Enjeux du 91<\/h3>\n\n\n\n<p>Notre long\u00e9vit\u00e9 nous assure une connaissance fine des r\u00e9alit\u00e9s locales :<\/p>\n\n\n\n<ul>\n<li><strong>Environnement Mixte :<\/strong> Nous conseillons des fauteuils capables de s&rsquo;adapter aux infrastructures modernes du Plateau de Saclay comme aux exigences des centres historiques et des zones p\u00e9riurbaines.<\/li>\n\n\n\n<li><strong>Logistique Efficace :<\/strong> Nous assurons une livraison et un service apr\u00e8s-vente r\u00e9actif sur l&rsquo;ensemble du 91 (Massy, Corbeil-Essonnes, Palaiseau, etc.), couvrant les distances importantes du d\u00e9partement.<\/li>\n\n\n\n<li><strong>Technologie et Innovation :<\/strong> Nous sommes sensibilis\u00e9s aux solutions d&rsquo;assistance \u00e0 la motorisation l\u00e9g\u00e8re, tr\u00e8s pertinentes pour les longues distances typiques du 91.<\/li>\n<\/ul>\n\n\n\n<h2 class=\"wp-block-heading\">II. Le 100% Rembours\u00e9 2026 : Ma\u00eetriser le Financement dans le 91<\/h2>\n\n\n\n<p>L&rsquo;acc\u00e8s au fauteuil roulant haut de gamme sans reste \u00e0 charge est d\u00e9sormais la norme. Notre expertise facilite toutes les d\u00e9marches administratives.<\/p>\n\n\n\n<h3 class=\"wp-block-heading\">Le R\u00f4le Central de la Prescription Sp\u00e9cialis\u00e9e<\/h3>\n\n\n\n<p>Pour valider le remboursement int\u00e9gral de votre \u00e9quipement (Invacare\/K\u00fcschall), l&rsquo;ordonnance doit \u00eatre \u00e9tablie par un professionnel qui confirme l&rsquo;ad\u00e9quation technique \u00e0 votre vie en Essonne :<\/p>\n\n\n\n<ol start=\"1\">\n<li><strong>Ergoth\u00e9rapeute<\/strong> : Il est fondamental pour \u00e9valuer le besoin en termes de <strong>stabilit\u00e9<\/strong> et de <strong>l\u00e9g\u00e8ret\u00e9<\/strong> pour la vari\u00e9t\u00e9 des sols du 91 (bitume, gravier, sols int\u00e9rieurs modernes).<\/li>\n\n\n\n<li><strong>M\u00e9decin Sp\u00e9cialiste<\/strong> : (MPR) assurant que la configuration du fauteuil r\u00e9pond \u00e0 vos exigences posturales et fonctionnelles.<\/li>\n<\/ol>\n\n\n\n<blockquote class=\"wp-block-quote\">\n<p><strong>Notre Garantie :<\/strong> Gr\u00e2ce \u00e0 notre exp\u00e9rience depuis 2016, nous ma\u00eetrisons les exigences des caisses du 91 et vous garantissons un montage de dossier conforme pour le financement \u00e0 100%.<\/p>\n<\/blockquote>\n\n\n\n<hr class=\"wp-block-separator has-alpha-channel-opacity\"\/>\n\n\n\n<h2 class=\"wp-block-heading\">III. Notre Service Local : Essai Gratuit et Polyvalent \u00e0 Domicile (91)<\/h2>\n\n\n\n<p>Dans l&rsquo;Essonne, l&rsquo;essai en conditions r\u00e9elles doit valider la polyvalence de votre fauteuil.<\/p>\n\n\n\n<ul>\n<li><strong>Livraison de Fauteuil de Pr\u00eat Gratuite :<\/strong> Nous vous apportons le mod\u00e8le de d\u00e9monstration directement \u00e0 votre adresse, peu importe votre localisation dans le 91.<\/li>\n\n\n\n<li><strong>Test de Polyvalence :<\/strong> \u00c9valuez l&rsquo;agilit\u00e9 du fauteuil dans les b\u00e2timents modernes (centres commerciaux, universit\u00e9s) et sa stabilit\u00e9 sur les trottoirs et chemins ext\u00e9rieurs des zones r\u00e9sidentielles.<\/li>\n\n\n\n<li><strong>Configuration Fine :<\/strong> Nos techniciens ajustent les param\u00e8tres de pouss\u00e9e et d&rsquo;assise pour minimiser l&rsquo;effort sur les longues distances et maximiser le confort postural, crucial dans le 91.<\/li>\n<\/ul>\n\n\n\n<hr class=\"wp-block-separator has-alpha-channel-opacity\"\/>\n\n\n\n<h2 class=\"wp-block-heading\">IV. La S\u00e9lection de Mod\u00e8les Id\u00e9ale pour l&rsquo;Essonne (Invacare &amp; K\u00fcschall)<\/h2>\n\n\n\n<p>Notre gamme est choisie pour offrir la meilleure combinaison d&rsquo;<strong>innovation, l\u00e9g\u00e8ret\u00e9 et adaptabilit\u00e9<\/strong> aux environnements vari\u00e9s du 91.<\/p>\n\n\n\n<h3 class=\"wp-block-heading\">A. L&rsquo;Aide au Transfert et aux Transports Rapides (FRMT)<\/h3>\n\n\n\n<ul>\n<li><strong>Invacare Action 2 NG Transit Lite :<\/strong> L\u00e9ger et compact, il est parfait pour l&rsquo;accompagnant ou les transferts rapides vers les gares RER ou les zones d&rsquo;activit\u00e9s de l&rsquo;Essonne.<\/li>\n<\/ul>\n\n\n\n<h3 class=\"wp-block-heading\">B. Autonomie : Agilit\u00e9 et Modularit\u00e9 (FRM &amp; FRMC)<\/h3>\n\n\n\n<h4 class=\"wp-block-heading\">1. Le Fauteuil Modulaire (FRM)<\/h4>\n\n\n\n<ul>\n<li><strong>Invacare Action 4 NG :<\/strong> Offre une grande modularit\u00e9. C&rsquo;est un excellent choix pour sa robustesse sur les sols vari\u00e9s, tout en restant facilement ajustable.<\/li>\n<\/ul>\n\n\n\n<h4 class=\"wp-block-heading\">2. L&rsquo;Excellence Agile et Technologique (FRMC)<\/h4>\n\n\n\n<ul>\n<li><strong>K\u00fcschall Compact &amp; Compact Attract :<\/strong> Leur l\u00e9g\u00e8ret\u00e9 et leur design en font l&rsquo;option id\u00e9ale pour les utilisateurs qui valorisent la rapidit\u00e9 et l&rsquo;agilit\u00e9, notamment dans les environnements universitaires et les nouveaux centres du 91.<\/li>\n\n\n\n<li><strong>Invacare Action 4 NG XLT :<\/strong> Pour le confort et la stabilit\u00e9 n\u00e9cessaires sur les longues distances typiques du d\u00e9partement.<\/li>\n<\/ul>\n\n\n\n<h3 class=\"wp-block-heading\">C. Confort Maximal (FRMP)<\/h3>\n\n\n\n<ul>\n<li><strong>Invacare Clematis Pro &amp; Clematis Pro E-Tilt :<\/strong> Ils sont essentiels pour le soutien postural dans le temps. La version <strong>E-Tilt<\/strong> (\u00e9lectrique) est un choix innovant, en phase avec le caract\u00e8re technologique de l&rsquo;Essonne.<\/li>\n<\/ul>\n\n\n\n<h3 class=\"wp-block-heading\">D. Le Fauteuil Personnalis\u00e9 : Au Service de l&rsquo;Innovation<\/h3>\n\n\n\n<p>Notre expertise depuis 2016 vous garantit un \u00e9quipement qui ne fait aucun compromis :<\/p>\n\n\n\n<ul>\n<li><strong>Configuration Pr\u00e9cise :<\/strong> R\u00e9glages millim\u00e9tr\u00e9s de l&rsquo;assise pour un confort postural maximal.<\/li>\n\n\n\n<li><strong>Accessoires Technologiques :<\/strong> Nous proposons des options de pneumatiques optimis\u00e9es pour les sols mixtes et des solutions d&rsquo;assistance \u00e0 la pouss\u00e9e adapt\u00e9es au d\u00e9partement.<\/li>\n<\/ul>\n\n\n\n<hr class=\"wp-block-separator has-alpha-channel-opacity\"\/>\n\n\n\n<h2 class=\"wp-block-heading\">V. Conclusion : L&rsquo;Expertise Orvimed pour Votre Autonomie dans le 91<\/h2>\n\n\n\n<p>Faites confiance \u00e0 notre exp\u00e9rience cumul\u00e9e <strong>depuis 2016<\/strong> pour vous guider vers le fauteuil <strong>Invacare ou K\u00fcschall<\/strong> id\u00e9al, con\u00e7u pour l&rsquo;adaptabilit\u00e9 et la performance en Essonne.<\/p>\n\n\n\n<h3 class=\"wp-block-heading\">\ud83d\udcde Contactez Nos Experts pour un Essai Gratuit dans le 91<\/h3>\n\n\n\n<p>Pour planifier la livraison gratuite de votre fauteuil de pr\u00eat \u00e0 votre domicile dans l&rsquo;Essonne ou pour toute question sur la prise en charge :<\/p>\n\n\n\n<ul>\n<li><strong>Par T\u00e9l\u00e9phone :<\/strong> <strong>01 53 66 18 12<\/strong><\/li>\n\n\n\n<li><strong>Par Email :<\/strong> <strong>contact@orvimed.f<\/strong><\/li>\n\n\n\n<li><strong>Via notre Formulaire :<\/strong> <strong><a target=\"_blank\" rel=\"noreferrer noopener\" href=\"https:\/\/www.orvimed.fr\/nous-contacter\">https:\/\/www.orvimed.fr\/nous-contacter<\/a><\/strong><\/li>\n<\/ul>\n\n\n\n<p><strong>Contactez-nous aujourd&rsquo;hui pour configurer votre fauteuil sur mesure et garantir votre libert\u00e9 de mouvement dans tout le 91.<\/strong><\/p>\n\n\n\n<figure class=\"wp-block-embed is-type-video is-provider-youtube wp-block-embed-youtube wp-embed-aspect-16-9 wp-has-aspect-ratio\"><div class=\"wp-block-embed__wrapper\">\n<div class=\"ast-oembed-container\" style=\"height: 100%;\"><iframe title=\"Remboursement Fauteuil Roulant 2024 : Ce que change la R\u00e9forme en \u00cele-de-France (Prise en Charge)\" width=\"500\" height=\"281\" src=\"https:\/\/www.youtube.com\/embed\/P8Z9T4sGGx0?feature=oembed\" frameborder=\"0\" allow=\"accelerometer; autoplay; clipboard-write; encrypted-media; gyroscope; picture-in-picture; web-share\" referrerpolicy=\"strict-origin-when-cross-origin\" allowfullscreen><\/iframe><\/div>\n<\/div><\/figure>\n","protected":false},"excerpt":{"rendered":"<p>L&rsquo;Essonne est un d\u00e9partement o\u00f9 modernit\u00e9 et nature se rencontrent. Pour votre autonomie, votre fauteuil roulant doit \u00eatre techniquement avanc\u00e9, garantissant agilit\u00e9 dans les centres urbains (\u00c9vry-Courcouronnes) et stabilit\u00e9 sur les terrains plus vari\u00e9s. Notre expertise reconnue depuis 2016 dans le domaine des fauteuils roulants vous guide pour b\u00e9n\u00e9ficier de la prise en charge \u00e0 &hellip;<\/p>\n<p class=\"read-more\"> <a class=\"\" href=\"https:\/\/www.orvimed.fr\/blog\/guide-achat-fauteuil-roulant-essonne-91-innovation-polyvalence-et-100-rembourse\/\"> <span class=\"screen-reader-text\">Guide Achat Fauteuil Roulant Essonne (91) : Innovation, Polyvalence et 100% Rembours\u00e9<\/span> Read More &raquo;<\/a><\/p>\n","protected":false},"author":2,"featured_media":1035,"comment_status":"closed","ping_status":"closed","sticky":false,"template":"","format":"standard","meta":{"site-sidebar-layout":"default","site-content-layout":"default","ast-global-header-display":"","ast-banner-title-visibility":"","ast-main-header-display":"","ast-hfb-above-header-display":"","ast-hfb-below-header-display":"","ast-hfb-mobile-header-display":"","site-post-title":"","ast-breadcrumbs-content":"","ast-featured-img":"","footer-sml-layout":"","theme-transparent-header-meta":"","adv-header-id-meta":"","stick-header-meta":"","header-above-stick-meta":"","header-main-stick-meta":"","header-below-stick-meta":""},"categories":[303],"tags":[349,353,321,348,347,351,350,354,352],"_links":{"self":[{"href":"https:\/\/www.orvimed.fr\/blog\/wp-json\/wp\/v2\/posts\/1034"}],"collection":[{"href":"https:\/\/www.orvimed.fr\/blog\/wp-json\/wp\/v2\/posts"}],"about":[{"href":"https:\/\/www.orvimed.fr\/blog\/wp-json\/wp\/v2\/types\/post"}],"author":[{"embeddable":true,"href":"https:\/\/www.orvimed.fr\/blog\/wp-json\/wp\/v2\/users\/2"}],"replies":[{"embeddable":true,"href":"https:\/\/www.orvimed.fr\/blog\/wp-json\/wp\/v2\/comments?post=1034"}],"version-history":[{"count":2,"href":"https:\/\/www.orvimed.fr\/blog\/wp-json\/wp\/v2\/posts\/1034\/revisions"}],"predecessor-version":[{"id":1081,"href":"https:\/\/www.orvimed.fr\/blog\/wp-json\/wp\/v2\/posts\/1034\/revisions\/1081"}],"wp:featuredmedia":[{"embeddable":true,"href":"https:\/\/www.orvimed.fr\/blog\/wp-json\/wp\/v2\/media\/1035"}],"wp:attachment":[{"href":"https:\/\/www.orvimed.fr\/blog\/wp-json\/wp\/v2\/media?parent=1034"}],"wp:term":[{"taxonomy":"category","embeddable":true,"href":"https:\/\/www.orvimed.fr\/blog\/wp-json\/wp\/v2\/categories?post=1034"},{"taxonomy":"post_tag","embeddable":true,"href":"https:\/\/www.orvimed.fr\/blog\/wp-json\/wp\/v2\/tags?post=1034"}],"curies":[{"name":"wp","href":"https:\/\/api.w.org\/{rel}","templated":true}]}}